{"id":46043,"date":"2019-07-13T13:19:55","date_gmt":"2019-07-13T17:19:55","guid":{"rendered":"https:\/\/linitiative.ca\/International\/tunisie-gafsa-un-jeune-se-trouve-aux-soins-intensifs-suite-a-une-morsure-de-vipere\/"},"modified":"2019-07-13T13:19:55","modified_gmt":"2019-07-13T17:19:55","slug":"tunisie-gafsa-un-jeune-se-trouve-aux-soins-intensifs-suite-a-une-morsure-de-vipere","status":"publish","type":"post","link":"https:\/\/linitiative.ca\/International\/tunisie-gafsa-un-jeune-se-trouve-aux-soins-intensifs-suite-a-une-morsure-de-vipere\/","title":{"rendered":"Tunisie \u2013 Gafsa\u00a0: Un jeune se trouve aux soins intensifs suite \u00e0 une morsure de vip\u00e8re"},"content":{"rendered":"<div class=\"post-cont-in left relative\">\n<div class=\"swp_social_panel swp_horizontal_panel swp_flat_fresh swp_default_full_color swp_individual_full_color swp_other_full_color scale-100 scale-\" data-min-width=\"1100\" data-float-color=\"#ffffff\" data-float=\"none\" data-float-mobile=\"none\" data-transition=\"slide\">\n<div class=\"nc_tweetContainer swp_share_button total_shares total_sharesalt\"><span class=\"swp_count\">8 <span class=\"swp_label\">Partages<\/span><\/span><\/div>\n<\/div>\n<p>Un jeune homme de 30 ans, r\u00e9sidant \u00e0 Mdhilla, a \u00e9t\u00e9 mordu, la nuit de vendredi \u00e0 samedi par une vip\u00e8re, alors qu\u2019il \u00e9tait sur son chemin pour rentrer chez lui.<\/p>\n<p>La gravit\u00e9 de son \u00e9tat a d\u00e9pass\u00e9 les capacit\u00e9s du corps soignant de l\u2019h\u00f4pital local et il a \u00e9t\u00e9 transf\u00e9r\u00e9 au service de soins intensifs \u00e0 l\u2019h\u00f4pital r\u00e9gional de Gafsa.<\/p>\n<div class=\"code-block code-block-1 c3\"><ins class=\"adsbygoogle c2\" data-ad-layout=\"in-article\" data-ad-format=\"fluid\" data-ad-client=\"ca-pub-2102118777505746\" data-ad-slot=\"7301775417\"\/> <\/div>\n<div class=\"mvp-org-wrap mvp-org-logo\" itemprop=\"publisher\" itemscope=\"\" itemtype=\"https:\/\/schema.org\/Organization\"><img decoding=\"async\" src=\"https:\/\/www.tunisienumerique.com\/wp-content\/uploads\/2017\/02\/logo_tunisie_numerique.png\"\/><\/div>\n<div class=\"swp_social_panel swp_horizontal_panel swp_flat_fresh swp_default_full_color swp_individual_full_color swp_other_full_color scale-100 scale-\" data-min-width=\"1100\" data-float-color=\"#ffffff\" data-float=\"none\" data-float-mobile=\"none\" data-transition=\"slide\">\n<div class=\"nc_tweetContainer swp_share_button total_shares total_sharesalt\"><span class=\"swp_count\">8 <span class=\"swp_label\">Partages<\/span><\/span><\/div>\n<\/div>\n<div class=\"mvp-related-posts left relative\">\n<h4 class=\"post-header\"><span class=\"post-header\">Lire aussi<\/span><\/h4>\n<\/div>\n<\/div>\n<p>Auteur: LM<br \/>\n<a href=\"https:\/\/www.tunisienumerique.com\/tunisie-gafsa-une-jeune-se-trouve-aux-soins-intensifs-suite-a-une-morsure-de-vipere\/\">Cliquez ici pour lire l&rsquo;article depuis sa source.<\/a><\/p>\n","protected":false},"excerpt":{"rendered":"<p>8 Partages Un jeune homme de 30 ans, r\u00e9sidant \u00e0 Mdhilla, a \u00e9t\u00e9 mordu, la nuit de vendredi \u00e0 samedi par une vip\u00e8re, alors qu\u2019il \u00e9tait sur son chemin pour rentrer chez lui. La gravit\u00e9 de son \u00e9tat a d\u00e9pass\u00e9 les capacit\u00e9s du corps soignant de l\u2019h\u00f4pital local et il a \u00e9t\u00e9 transf\u00e9r\u00e9 au service [&hellip;]<\/p>\n","protected":false},"author":1789,"featured_media":46044,"comment_status":"closed","ping_status":"closed","sticky":false,"template":"","format":"standard","meta":{"fifu_image_url":"","fifu_image_alt":"","footnotes":""},"categories":[73,55],"tags":[],"class_list":["post-46043","post","type-post","status-publish","format-standard","has-post-thumbnail","hentry","category-actualite","category-tunisie"],"_links":{"self":[{"href":"https:\/\/linitiative.ca\/International\/wp-json\/wp\/v2\/posts\/46043","targetHints":{"allow":["GET"]}}],"collection":[{"href":"https:\/\/linitiative.ca\/International\/wp-json\/wp\/v2\/posts"}],"about":[{"href":"https:\/\/linitiative.ca\/International\/wp-json\/wp\/v2\/types\/post"}],"author":[{"embeddable":true,"href":"https:\/\/linitiative.ca\/International\/wp-json\/wp\/v2\/users\/1789"}],"replies":[{"embeddable":true,"href":"https:\/\/linitiative.ca\/International\/wp-json\/wp\/v2\/comments?post=46043"}],"version-history":[{"count":0,"href":"https:\/\/linitiative.ca\/International\/wp-json\/wp\/v2\/posts\/46043\/revisions"}],"wp:featuredmedia":[{"embeddable":true,"href":"https:\/\/linitiative.ca\/International\/wp-json\/"}],"wp:attachment":[{"href":"https:\/\/linitiative.ca\/International\/wp-json\/wp\/v2\/media?parent=46043"}],"wp:term":[{"taxonomy":"category","embeddable":true,"href":"https:\/\/linitiative.ca\/International\/wp-json\/wp\/v2\/categories?post=46043"},{"taxonomy":"post_tag","embeddable":true,"href":"https:\/\/linitiative.ca\/International\/wp-json\/wp\/v2\/tags?post=46043"}],"curies":[{"name":"wp","href":"https:\/\/api.w.org\/{rel}","templated":true}]}}