{"id":46045,"date":"2019-07-13T13:29:18","date_gmt":"2019-07-13T17:29:18","guid":{"rendered":"https:\/\/linitiative.ca\/International\/tunisie-repechage-du-cadavre-de-la-derniere-personne-disparue-lors-du-naufrage-dune-barque-de-clandestins\/"},"modified":"2019-07-13T13:29:18","modified_gmt":"2019-07-13T17:29:18","slug":"tunisie-repechage-du-cadavre-de-la-derniere-personne-disparue-lors-du-naufrage-dune-barque-de-clandestins","status":"publish","type":"post","link":"https:\/\/linitiative.ca\/International\/tunisie-repechage-du-cadavre-de-la-derniere-personne-disparue-lors-du-naufrage-dune-barque-de-clandestins\/","title":{"rendered":"Tunisie \u2013 Rep\u00eachage du cadavre de la derni\u00e8re personne disparue lors du naufrage d\u2019une barque de clandestins"},"content":{"rendered":"<div class=\"post-cont-in left relative\">\n<div class=\"swp_social_panel swp_horizontal_panel swp_flat_fresh swp_default_full_color swp_individual_full_color swp_other_full_color scale-100 scale-\" data-min-width=\"1100\" data-float-color=\"#ffffff\" data-float=\"none\" data-float-mobile=\"none\" data-transition=\"slide\">\n<div class=\"nc_tweetContainer swp_share_button total_shares total_sharesalt\"><span class=\"swp_count\">22 <span class=\"swp_label\">Partages<\/span><\/span><\/div>\n<\/div>\n<p>Les agents de la garde maritime du district de Zarzis ont r\u00e9ussi, ce samedi matin, \u00e0 rep\u00eacher le cadavre de la 82<sup>\u00e8me<\/sup>\u00a0et derni\u00e8re personne port\u00e9e disparue, suite au naufrage au\u00a0d\u00e9but du mois de juillet, d\u2019une barque de clandestins au large des c\u00f4tes tunisiennes.<\/p>\n<div class=\"mvp-org-wrap mvp-org-logo\" itemprop=\"publisher\" itemscope=\"\" itemtype=\"https:\/\/schema.org\/Organization\"><img decoding=\"async\" src=\"https:\/\/www.tunisienumerique.com\/wp-content\/uploads\/2017\/02\/logo_tunisie_numerique.png\"\/><\/div>\n<div class=\"swp_social_panel swp_horizontal_panel swp_flat_fresh swp_default_full_color swp_individual_full_color swp_other_full_color scale-100 scale-\" data-min-width=\"1100\" data-float-color=\"#ffffff\" data-float=\"none\" data-float-mobile=\"none\" data-transition=\"slide\">\n<div class=\"nc_tweetContainer swp_share_button total_shares total_sharesalt\"><span class=\"swp_count\">22 <span class=\"swp_label\">Partages<\/span><\/span><\/div>\n<\/div>\n<div class=\"mvp-related-posts left relative\">\n<h4 class=\"post-header\"><span class=\"post-header\">Lire aussi<\/span><\/h4>\n<\/div>\n<\/div>\n<p>Auteur: LM<br \/>\n<a href=\"https:\/\/www.tunisienumerique.com\/tunisie-repechage-du-cadavre-de-la-derniere-personne-disparue-lors-du-naufrage-dune-barque-de-clandestins\/\">Cliquez ici pour lire l&rsquo;article depuis sa source.<\/a><\/p>\n","protected":false},"excerpt":{"rendered":"<p>22 Partages Les agents de la garde maritime du district de Zarzis ont r\u00e9ussi, ce samedi matin, \u00e0 rep\u00eacher le cadavre de la 82\u00e8me\u00a0et derni\u00e8re personne port\u00e9e disparue, suite au naufrage au\u00a0d\u00e9but du mois de juillet, d\u2019une barque de clandestins au large des c\u00f4tes tunisiennes. 22 Partages Lire aussi Auteur: LM Cliquez ici pour lire [&hellip;]<\/p>\n","protected":false},"author":1789,"featured_media":46046,"comment_status":"closed","ping_status":"closed","sticky":false,"template":"","format":"standard","meta":{"fifu_image_url":"","fifu_image_alt":"","footnotes":""},"categories":[73,55],"tags":[],"class_list":["post-46045","post","type-post","status-publish","format-standard","has-post-thumbnail","hentry","category-actualite","category-tunisie"],"_links":{"self":[{"href":"https:\/\/linitiative.ca\/International\/wp-json\/wp\/v2\/posts\/46045","targetHints":{"allow":["GET"]}}],"collection":[{"href":"https:\/\/linitiative.ca\/International\/wp-json\/wp\/v2\/posts"}],"about":[{"href":"https:\/\/linitiative.ca\/International\/wp-json\/wp\/v2\/types\/post"}],"author":[{"embeddable":true,"href":"https:\/\/linitiative.ca\/International\/wp-json\/wp\/v2\/users\/1789"}],"replies":[{"embeddable":true,"href":"https:\/\/linitiative.ca\/International\/wp-json\/wp\/v2\/comments?post=46045"}],"version-history":[{"count":0,"href":"https:\/\/linitiative.ca\/International\/wp-json\/wp\/v2\/posts\/46045\/revisions"}],"wp:featuredmedia":[{"embeddable":true,"href":"https:\/\/linitiative.ca\/International\/wp-json\/"}],"wp:attachment":[{"href":"https:\/\/linitiative.ca\/International\/wp-json\/wp\/v2\/media?parent=46045"}],"wp:term":[{"taxonomy":"category","embeddable":true,"href":"https:\/\/linitiative.ca\/International\/wp-json\/wp\/v2\/categories?post=46045"},{"taxonomy":"post_tag","embeddable":true,"href":"https:\/\/linitiative.ca\/International\/wp-json\/wp\/v2\/tags?post=46045"}],"curies":[{"name":"wp","href":"https:\/\/api.w.org\/{rel}","templated":true}]}}