{"id":46049,"date":"2019-07-13T15:02:03","date_gmt":"2019-07-13T19:02:03","guid":{"rendered":"https:\/\/linitiative.ca\/International\/equipe-nationale-absents-de-lentrainement-ghaylene-chaalali-et-wajdi-kechrida-participeront-face-au-senegal\/"},"modified":"2019-07-13T15:02:03","modified_gmt":"2019-07-13T19:02:03","slug":"equipe-nationale-absents-de-lentrainement-ghaylene-chaalali-et-wajdi-kechrida-participeront-face-au-senegal","status":"publish","type":"post","link":"https:\/\/linitiative.ca\/International\/equipe-nationale-absents-de-lentrainement-ghaylene-chaalali-et-wajdi-kechrida-participeront-face-au-senegal\/","title":{"rendered":"Equipe nationale : absents\u00a0de l\u2019entrainement,\u00a0Ghaylene\u00a0Cha\u00e2lali\u00a0et Wajdi\u00a0Kechrida\u00a0participeront face au S\u00e9n\u00e9gal\u00a0"},"content":{"rendered":"<div class=\"nc_socialPanel swp_flatFresh swp_d_fullColor swp_i_fullColor swp_o_fullColor scale-100 scale-fullWidth\" data-position=\"none\" data-float=\"floatNone\" data-count=\"5\" data-floatcolor=\"#ffffff\" data-emphasize=\"0\">\n<div class=\"nc_tweetContainer totes totesalt\" data-id=\"6\"><span class=\"swp_count\"><span class=\"swp_label\">Partages<\/span> 0<\/span><\/div>\n<\/div>\n<p>A la veille du match de la demi-finale de la Coupe d\u2019Afrique des Nations 2019 qui l\u2019opposera au S\u00e9n\u00e9gal, l\u2019\u00e9quipe de Tunisie a effectu\u00e9 ce dimanche soir sa derni\u00e8re s\u00e9ance d\u2019entrainement, au complexe sportif Shams\u00a0Club au Caire, en pr\u00e9sence de tous les joueurs et les membres du staff technique et m\u00e9dical.<\/p>\n<p>Seuls\u00a0Ghaylene\u00a0Cha\u00e2leli\u00a0et Wajdi\u00a0Kechrida\u00a0\u00e9taient absents. Touch\u00e9 au genou, le milieu de terrain\u00a0\u00e9sp\u00e9rantiste poursuit les soins, tout comme Wajdi\u00a0Kechrida, qui a ressenti des douleurs. D\u2019apr\u00e8s le responsable m\u00e9dia de la F\u00e9d\u00e9ration tunisienne de football, Kais\u00a0Reguez tous les deux sont rest\u00e9s \u00e0 l\u2019h\u00f4tel mais ils \u00ab\u00a0vont bien\u00a0\u00bb.<\/p>\n<div class=\"code-block code-block-1 c5\"><ins class=\"adsbygoogle c4\" data-ad-layout=\"in-article\" data-ad-format=\"fluid\" data-ad-client=\"ca-pub-2102118777505746\" data-ad-slot=\"7301775417\"\/> <\/div>\n<p>Le match aura lieu ce dimanche, au stade 30 juin au Caire \u00e0 partir de (17h00), sous la\u00a0direction\u00a0de l\u2019arbitre\u00a0\u00e9thiopien, Bamlak\u00a0Tessema.<\/p>\n<div class=\"mvp-org-wrap mvp-org-logo\" itemprop=\"publisher\" itemscope=\"\" itemtype=\"https:\/\/schema.org\/Organization\"><img decoding=\"async\" src=\"https:\/\/sport.tunisienumerique.com\/wp-content\/uploads\/2017\/05\/logo_tunisie_numerique.png\"\/><\/div>\n<div class=\"nc_socialPanel swp_flatFresh swp_d_fullColor swp_i_fullColor swp_o_fullColor scale-100 scale-fullWidth\" data-position=\"none\" data-float=\"floatNone\" data-count=\"5\" data-floatcolor=\"#ffffff\" data-emphasize=\"0\">\n<div class=\"nc_tweetContainer totes totesalt\" data-id=\"6\"><span class=\"swp_count\"><span class=\"swp_label\">Partages<\/span> 0<\/span><\/div>\n<\/div>\n<div class=\"mvp-related-posts left relative\">\n<h4 class=\"post-header\"><span class=\"post-header\">Lire aussi<\/span><\/h4>\n<\/div>\n<p>Auteur: a.<br \/>\n<a href=\"https:\/\/sport.tunisienumerique.com\/equipe-nationale-absents-de-lentrainement-ghaylene-chaalali-wajdi-kechrida-participeront-face-senegal\/\">Cliquez ici pour lire l&rsquo;article depuis sa source.<\/a><\/p>\n","protected":false},"excerpt":{"rendered":"<p>Partages 0 A la veille du match de la demi-finale de la Coupe d\u2019Afrique des Nations 2019 qui l\u2019opposera au S\u00e9n\u00e9gal, l\u2019\u00e9quipe de Tunisie a effectu\u00e9 ce dimanche soir sa derni\u00e8re s\u00e9ance d\u2019entrainement, au complexe sportif Shams\u00a0Club au Caire, en pr\u00e9sence de tous les joueurs et les membres du staff technique et m\u00e9dical. Seuls\u00a0Ghaylene\u00a0Cha\u00e2leli\u00a0et Wajdi\u00a0Kechrida\u00a0\u00e9taient [&hellip;]<\/p>\n","protected":false},"author":1789,"featured_media":46050,"comment_status":"closed","ping_status":"closed","sticky":false,"template":"","format":"standard","meta":{"fifu_image_url":"","fifu_image_alt":"","footnotes":""},"categories":[73,55],"tags":[],"class_list":["post-46049","post","type-post","status-publish","format-standard","has-post-thumbnail","hentry","category-actualite","category-tunisie"],"_links":{"self":[{"href":"https:\/\/linitiative.ca\/International\/wp-json\/wp\/v2\/posts\/46049","targetHints":{"allow":["GET"]}}],"collection":[{"href":"https:\/\/linitiative.ca\/International\/wp-json\/wp\/v2\/posts"}],"about":[{"href":"https:\/\/linitiative.ca\/International\/wp-json\/wp\/v2\/types\/post"}],"author":[{"embeddable":true,"href":"https:\/\/linitiative.ca\/International\/wp-json\/wp\/v2\/users\/1789"}],"replies":[{"embeddable":true,"href":"https:\/\/linitiative.ca\/International\/wp-json\/wp\/v2\/comments?post=46049"}],"version-history":[{"count":0,"href":"https:\/\/linitiative.ca\/International\/wp-json\/wp\/v2\/posts\/46049\/revisions"}],"wp:featuredmedia":[{"embeddable":true,"href":"https:\/\/linitiative.ca\/International\/wp-json\/"}],"wp:attachment":[{"href":"https:\/\/linitiative.ca\/International\/wp-json\/wp\/v2\/media?parent=46049"}],"wp:term":[{"taxonomy":"category","embeddable":true,"href":"https:\/\/linitiative.ca\/International\/wp-json\/wp\/v2\/categories?post=46049"},{"taxonomy":"post_tag","embeddable":true,"href":"https:\/\/linitiative.ca\/International\/wp-json\/wp\/v2\/tags?post=46049"}],"curies":[{"name":"wp","href":"https:\/\/api.w.org\/{rel}","templated":true}]}}