{"id":46051,"date":"2019-07-12T18:59:27","date_gmt":"2019-07-12T22:59:27","guid":{"rendered":"https:\/\/linitiative.ca\/International\/eglise-catholique-au-burkina-faso-le-statut-juridique-acte-au-vatican\/"},"modified":"2019-07-12T18:59:27","modified_gmt":"2019-07-12T22:59:27","slug":"eglise-catholique-au-burkina-faso-le-statut-juridique-acte-au-vatican","status":"publish","type":"post","link":"https:\/\/linitiative.ca\/International\/eglise-catholique-au-burkina-faso-le-statut-juridique-acte-au-vatican\/","title":{"rendered":"Eglise catholique au Burkina Faso: Le statut juridique act\u00e9 au Vatican"},"content":{"rendered":"<div class=\"td-post-featured-image\"><a href=\"https:\/\/i2.wp.com\/www.sidwaya.info\/wp-content\/uploads\/2019\/07\/rome.jpg?fit=600%2C400&#038;ssl=1\" data-caption=\"\"><img loading=\"lazy\" decoding=\"async\" width=\"600\" height=\"400\" class=\"entry-thumb td-modal-image\" src=\"https:\/\/i2.wp.com\/www.sidwaya.info\/wp-content\/uploads\/2019\/07\/rome.jpg?resize=600%2C400&#038;ssl=1\" srcset=\"https:\/\/i2.wp.com\/www.sidwaya.info\/wp-content\/uploads\/2019\/07\/rome.jpg?w=600&#038;ssl=1 600w, https:\/\/i2.wp.com\/www.sidwaya.info\/wp-content\/uploads\/2019\/07\/rome.jpg?resize=300%2C200&#038;ssl=1 300w\" sizes=\"auto, (max-width: 600px) 100vw, 600px\" alt=\"\" title=\"rome\"\/><\/a><\/div>\n<p><strong>Le ministre des Affaires \u00e9trang\u00e8res et de la Coop\u00e9ration, Alpha Barry et le secr\u00e9taire pour les Relations avec les Etats du Saint Si\u00e8ge, monseigneur Paul Richard Gallagher ont sign\u00e9 le vendredi 12 juillet 2019 dans la cit\u00e9 du Vatican en Italie\u00a0 un accord sur le statut juridique de l\u2019\u00e9glise catholique au Burkina Faso.<\/strong><\/p>\n<p>L\u2019\u00e9glise catholique aura\u00a0 tr\u00e8s bient\u00f4t un statut juridique clair au Burkina Faso. Ce, gr\u00e2ce \u00e0 un accord sign\u00e9 le vendredi 12 juillet 2019 dans la cit\u00e9 du Vatican entre le ministre des Affaires \u00e9trang\u00e8res et de la Coop\u00e9ration, Alpha Barry et son homologue du Saint si\u00e8ge (Etat qui a souverainet\u00e9 sur tous les catholiques du monde avec comme assise territoriale la cit\u00e9 du Vatican), monseigneur Paul Richard Gallagher. L\u2019accord compos\u00e9 de 19 articles et d\u2019un protocole additionnel\u00a0 entrera en vigueur lors de l\u2019\u00e9change des instruments de ratification \u00e0 une date non encore d\u00e9termin\u00e9e. Il \u00e9tablit l\u2019autonomie, l\u2019ind\u00e9pendance et la souveraine des relations entre les deux Parties. Il \u00a0consacre \u00e9galement \u00a0le caract\u00e8re public de l\u2019\u00e9glise, le libre exercice du culte public, l\u2019autonomie organisationnelle et op\u00e9rative de l\u2019Autorit\u00e9 eccl\u00e9siastique, l\u2019inviolabilit\u00e9 du secret sacramental de la confession, la jouissance par l\u2019Eglise de droits fonciers et patrimoniaux de m\u00eame que la garantie du droit d\u2019exercice des responsabilit\u00e9s pastoraux envers les fid\u00e8les\u2026 Selon le Pr\u00e9sident de la Conf\u00e9rence \u00e9piscopale Burkina-Niger, monseigneur Laurent Dabir\u00e9, par ailleurs \u00e9v\u00eaque de Dori, \u00a0l\u2019accord permet la reconnaissance de l\u2019\u00e9glise catholique comme personne juridique, morale qui peut poser sans encombre les actes de la vie publique dans l\u2019ordonnancement burkinab\u00e8. \u00ab\u00a0 <em>Cela est important car pour ester en justice par exemple, ce n\u2019\u00e9tait pas toujours facile. Il fallait passer par des m\u00e9canismes de substitution. Avec cet accord ce probl\u00e8me est r\u00e9gl\u00e9<\/em>\u00a0\u00bb, s\u2019est-il r\u00e9jouit. \u00a0A ses dires, l\u2019accord permettra d\u2019encadrer et donner un nouveau souffle aux \u00a0relations de coop\u00e9ration et de collaboration entre l\u2019\u00e9glise et l\u2019Etat burkinab\u00e8 sur divers domaines. En outre il a indiqu\u00e9 que l\u2019\u00e9glise devra mieux s\u2019organiser afin d\u2019entrer dans l\u2019esprit de l\u2019accord \u00e0 travers la communication r\u00e9guli\u00e8re des activit\u00e9s qu\u2019elle m\u00e8ne.\u00a0\u00ab\u00a0 <em>En un mot, cet accord va booster les activit\u00e9s d\u2019apostolat qui sont celles d\u2019assistance, d\u2019enseignement, de d\u00e9veloppement \u00e0 l\u2019\u00e9gard des populations du Burkina Faso sans distinction de religieux, d\u2019ethnie\u2026<\/em>\u00a0\u00bb, a-t-il soutenu. Dans le m\u00eame ordre d\u2019id\u00e9e, le secr\u00e9taire pour les Relations avec les Etats du Saint Si\u00e8ge, Mgr Gallagher a soulign\u00e9 que le pr\u00e9sent\u00a0 accord\u00a0 favorisera une entente plus cordiale entre les autorit\u00e9s du Burkina et les pasteurs de l\u2019\u00e9glise au profit du bien commun de la Nation.<\/p>\n<p><strong>De l\u2019aide pour les d\u00e9plac\u00e9s internes<\/strong><\/p>\n<p>Il a toutefois pr\u00e9cis\u00e9 que par cet accord, l\u2019\u00e9glise catholique ne cherche aucunement \u00e0 obtenir des privil\u00e8ges particuliers aux d\u00e9pens d\u2019autres confessions religieuses. \u00ab\u00a0<em>Il est simplement question de d\u00e9finir le cadre juridique de son activit\u00e9 et de ses rapports avec les autorit\u00e9s civiles pour le bien \u00eatre des fid\u00e8les et de la soci\u00e9t\u00e9 burkinab\u00e8\u00a0<\/em>\u00bb, a-t-il insist\u00e9. Le ministre Alpha Barry s\u2019est quant \u00e0 lui r\u00e9jouit de la signature de cet accord\u00a0 qui t\u00e9moigne \u00ab\u00a0<em>du sceau particulier<\/em>\u00a0\u00bb des relations diplomatiques entre le pays des Hommes int\u00e8gres et le Si\u00e8ge apostolique \u00e9tablies officiellement en 1973. Pour justifier ses propos, il a rappel\u00e9 les deux\u00a0 visites \u00ab\u00a0<em>historiques\u00a0<\/em>\u00bb du Pape Jean Paul II\u00a0 au Burkina Faso en 1980 et 1990, \u00a0la contribution de l\u2019Eglise catholique \u00e0 la paix et la coh\u00e9sion sociale ainsi que les diverses actions en faveur du d\u00e9veloppement int\u00e9gral notamment dans les domaines spirituel, \u00e9ducatif, sanitaire et socio-\u00e9ducatif. De ce fait, il a assur\u00e9 que la partie burkinab\u00e8 mettra tout en \u0153uvre pour l\u2019entr\u00e9e en vigueur diligente de l\u2019accord. Reconnaissant que les inqui\u00e9tudes formul\u00e9es par les responsable de l\u2019Eglise catholique par rapport aux attaques perp\u00e9tr\u00e9s contre les populations, des \u00e9glises et membres du clerg\u00e9, et l\u2019accroissement des d\u00e9plac\u00e9s internes sont fond\u00e9es, il a rassur\u00e9 que l\u2019Etat Burkinab\u00e8 ne m\u00e9nage aucun effort dans la lutte contre l\u2019hydre terroriste. Il a traduit la reconnaissance et la sympathie du peuple burkinab\u00e8 \u00e0 l\u2019endroit de sa Saintet\u00e9 le Pape Fran\u00e7ois pour ses pri\u00e8res \u00e0 l\u2019intention du\u00a0 Burkina Faso qui traverse actuellement une \u00e8re difficile de son histoire. \u00ab\u00a0<em>En t\u00e9moignent ses diff\u00e9rents messages dans lesquels il a pri\u00e9 pour l\u2019Afrique et particuli\u00e8rement les pays du G5 Sahel notamment le Burkina Faso<\/em>\u00a0\u00bb, a-t-il indiqu\u00e9. Aussi,\u00a0il transmit un message du Pr\u00e9sident du Faso, Roch Marc Christian Kabor\u00e9 pour le Pape et demand\u00e9 que celui-ci continue de prier pour le pays. Ne doutant pas que cette requ\u00eate sera exauc\u00e9e, l\u2019ambassadeur extraordinaire et pl\u00e9nipotentiaire du Burkina Faso pr\u00e8s le Saint Si\u00e8ge, \u00a0Robert Compaor\u00e9 a indiqu\u00e9 que le Saint p\u00e8re a disponibilit\u00e9 des fonds au profit de structures catholiques pour la\u00a0 contribution \u00e0 la prise en charge des d\u00e9plac\u00e9s internes.<\/p>\n<p class=\"c1\">\u00a0\u00a0\u00a0\u00a0\u00a0\u00a0\u00a0\u00a0\u00a0\u00a0\u00a0\u00a0\u00a0\u00a0\u00a0\u00a0\u00a0\u00a0\u00a0\u00a0\u00a0\u00a0\u00a0\u00a0\u00a0\u00a0\u00a0\u00a0\u00a0\u00a0\u00a0\u00a0\u00a0\u00a0\u00a0\u00a0\u00a0\u00a0\u00a0\u00a0\u00a0\u00a0\u00a0\u00a0\u00a0\u00a0\u00a0\u00a0\u00a0\u00a0\u00a0\u00a0\u00a0\u00a0 <strong>Eliane SOME<\/strong><\/p>\n<p class=\"c1\"><strong>\u00a0\u00a0\u00a0\u00a0\u00a0\u00a0\u00a0\u00a0\u00a0\u00a0\u00a0\u00a0\u00a0\u00a0\u00a0\u00a0\u00a0\u00a0\u00a0\u00a0\u00a0\u00a0\u00a0\u00a0\u00a0\u00a0\u00a0\u00a0\u00a0\u00a0\u00a0\u00a0\u00a0\u00a0\u00a0\u00a0\u00a0\u00a0\u00a0\u00a0\u00a0\u00a0\u00a0\u00a0\u00a0\u00a0\u00a0\u00a0\u00a0\u00a0\u00a0\u00a0\u00a0\u00a0<\/strong> <a href=\"mailto:elianesome4@gmail.com\"><strong>elianesome4@gmail.com<\/strong><\/a><\/p>\n<div class=\"td-a-rec td-a-rec-id-content_bottom td_uid_30_5d2a50a352717_rand td_block_template_1\"><img loading=\"lazy\" decoding=\"async\" class=\"aligncenter size-full wp-image-9623\" src=\"https:\/\/www.sidwaya.info\/wp-content\/uploads\/2019\/06\/Projet-bannie%CC%80re-Orange-mobile.jpg\" alt=\"\" width=\"728\" height=\"81\"\/><\/div>\n<p>Auteur: BS. Sidwaya<br \/>\n<a href=\"https:\/\/www.sidwaya.info\/blog\/2019\/07\/12\/eglise-catholique-au-burkina-faso-le-statut-juridique-acte-au-vatican\/\">Cliquez ici pour lire l&rsquo;article depuis sa source.<\/a><\/p>\n","protected":false},"excerpt":{"rendered":"<p>Le ministre des Affaires \u00e9trang\u00e8res et de la Coop\u00e9ration, Alpha Barry et le secr\u00e9taire pour les Relations avec les Etats du Saint Si\u00e8ge, monseigneur Paul Richard Gallagher ont sign\u00e9 le vendredi 12 juillet 2019 dans la cit\u00e9 du Vatican en Italie\u00a0 un accord sur le statut juridique de l\u2019\u00e9glise catholique au Burkina Faso. L\u2019\u00e9glise catholique [&hellip;]<\/p>\n","protected":false},"author":1816,"featured_media":0,"comment_status":"closed","ping_status":"closed","sticky":false,"template":"","format":"standard","meta":{"fifu_image_url":"","fifu_image_alt":"","footnotes":""},"categories":[73,81],"tags":[],"class_list":["post-46051","post","type-post","status-publish","format-standard","hentry","category-actualite","category-burkina-faso"],"_links":{"self":[{"href":"https:\/\/linitiative.ca\/International\/wp-json\/wp\/v2\/posts\/46051","targetHints":{"allow":["GET"]}}],"collection":[{"href":"https:\/\/linitiative.ca\/International\/wp-json\/wp\/v2\/posts"}],"about":[{"href":"https:\/\/linitiative.ca\/International\/wp-json\/wp\/v2\/types\/post"}],"author":[{"embeddable":true,"href":"https:\/\/linitiative.ca\/International\/wp-json\/wp\/v2\/users\/1816"}],"replies":[{"embeddable":true,"href":"https:\/\/linitiative.ca\/International\/wp-json\/wp\/v2\/comments?post=46051"}],"version-history":[{"count":0,"href":"https:\/\/linitiative.ca\/International\/wp-json\/wp\/v2\/posts\/46051\/revisions"}],"wp:attachment":[{"href":"https:\/\/linitiative.ca\/International\/wp-json\/wp\/v2\/media?parent=46051"}],"wp:term":[{"taxonomy":"category","embeddable":true,"href":"https:\/\/linitiative.ca\/International\/wp-json\/wp\/v2\/categories?post=46051"},{"taxonomy":"post_tag","embeddable":true,"href":"https:\/\/linitiative.ca\/International\/wp-json\/wp\/v2\/tags?post=46051"}],"curies":[{"name":"wp","href":"https:\/\/api.w.org\/{rel}","templated":true}]}}