{"id":46055,"date":"2019-07-13T11:18:03","date_gmt":"2019-07-13T15:18:03","guid":{"rendered":"https:\/\/linitiative.ca\/International\/augmentation-des-depenses-du-senegal-a-fin-mai-2019\/"},"modified":"2019-07-13T11:18:03","modified_gmt":"2019-07-13T15:18:03","slug":"augmentation-des-depenses-du-senegal-a-fin-mai-2019","status":"publish","type":"post","link":"https:\/\/linitiative.ca\/International\/augmentation-des-depenses-du-senegal-a-fin-mai-2019\/","title":{"rendered":"Augmentation des d\u00e9penses du S\u00e9n\u00e9gal \u00e0 fin mai 2019"},"content":{"rendered":"<div readability=\"32\">\n<p>Publi\u00e9 le 13.07.2019 \u00e0 16h18 par APA News<\/p>\n<\/div>\n<div readability=\"78\">\n<p>Les d\u00e9penses budg\u00e9taires de l\u2019Etat du S\u00e9n\u00e9gal \u00e0 fin mai 2019 ont connu une augmentation de 344,2 milliards de FCFA (environ 585,140 millions de dollars) compar\u00e9es \u00e0 la m\u00eame p\u00e9riode de l\u2019ann\u00e9e 2018, selon une note de la Direction de la pr\u00e9vision et des \u00e9tudes \u00e9conomiques (DPEE) re\u00e7ue samedi \u00e0 APA.La DPEE a estim\u00e9 ces d\u00e9penses \u00e0 1509,9 milliards de FCFA durant la p\u00e9riode sous revue contre 1165,7 milliards de FCFA \u00e0 fin mai 2018, soit un accroissement de 29,5%. Selon cette structure, cette hausse est port\u00e9e \u00e0 la fois par les charges courantes (plus 29,7%) et les investissements (plus 29,2%).<\/p>\n<p>La hausse des d\u00e9penses courantes est principalement attribuable aux int\u00e9r\u00eats sur la dette publique (167,6 milliards), \u00e0 la masse salariale (304,5 milliards) et aux charges de fonctionnement (446,5 milliards) qui se sont respectivement confort\u00e9es de 38,7%, 15% et 38,4%.<\/p>\n<p>L\u2019accroissement des d\u00e9penses de fonctionnement est perceptible \u00e0 travers les transferts et subventions alors que l\u2019augmentation des int\u00e9r\u00eats refl\u00e8te l\u2019\u00e9ch\u00e9ance de l\u2019Eurobond.<\/p>\n<p>Le gouvernement s\u00e9n\u00e9galais avait \u00e9mis avec succ\u00e8s en mars 2018 un Eurobond de 2,2 milliards de dollars, soit environ 1.200 milliard de FCFA.<\/p>\n<p>Concernant les d\u00e9penses en capital, elles sont \u00e9valu\u00e9es \u00e0 591 milliards de FCFA \u00e0 fin mai 2019 contre 457,6 milliards un an auparavant, soit une hausse de 29,2%, \u00e0 la fois soutenue par les investissements sur ressources ext\u00e9rieures (261,2 milliards) et les investissements sur ressources int\u00e9rieures (330,2 milliards) qui se sont respectivement consolid\u00e9s de 35,1% et 24,9%.<\/p>\n<\/div>\n<p>Auteur: APA News<br \/>\n<a href=\"https:\/\/www.journalducameroun.com\/augmentation-des-depenses-du-senegal-a-fin-mai-2019\/\">Cliquez ici pour lire l&rsquo;article depuis sa source.<\/a><\/p>\n","protected":false},"excerpt":{"rendered":"<p>Publi\u00e9 le 13.07.2019 \u00e0 16h18 par APA News Les d\u00e9penses budg\u00e9taires de l\u2019Etat du S\u00e9n\u00e9gal \u00e0 fin mai 2019 ont connu une augmentation de 344,2 milliards de FCFA (environ 585,140 millions de dollars) compar\u00e9es \u00e0 la m\u00eame p\u00e9riode de l\u2019ann\u00e9e 2018, selon une note de la Direction de la pr\u00e9vision et des \u00e9tudes \u00e9conomiques (DPEE) [&hellip;]<\/p>\n","protected":false},"author":1965,"featured_media":0,"comment_status":"closed","ping_status":"closed","sticky":false,"template":"","format":"standard","meta":{"fifu_image_url":"","fifu_image_alt":"","footnotes":""},"categories":[73,82],"tags":[],"class_list":["post-46055","post","type-post","status-publish","format-standard","hentry","category-actualite","category-cameroun"],"_links":{"self":[{"href":"https:\/\/linitiative.ca\/International\/wp-json\/wp\/v2\/posts\/46055","targetHints":{"allow":["GET"]}}],"collection":[{"href":"https:\/\/linitiative.ca\/International\/wp-json\/wp\/v2\/posts"}],"about":[{"href":"https:\/\/linitiative.ca\/International\/wp-json\/wp\/v2\/types\/post"}],"author":[{"embeddable":true,"href":"https:\/\/linitiative.ca\/International\/wp-json\/wp\/v2\/users\/1965"}],"replies":[{"embeddable":true,"href":"https:\/\/linitiative.ca\/International\/wp-json\/wp\/v2\/comments?post=46055"}],"version-history":[{"count":0,"href":"https:\/\/linitiative.ca\/International\/wp-json\/wp\/v2\/posts\/46055\/revisions"}],"wp:attachment":[{"href":"https:\/\/linitiative.ca\/International\/wp-json\/wp\/v2\/media?parent=46055"}],"wp:term":[{"taxonomy":"category","embeddable":true,"href":"https:\/\/linitiative.ca\/International\/wp-json\/wp\/v2\/categories?post=46055"},{"taxonomy":"post_tag","embeddable":true,"href":"https:\/\/linitiative.ca\/International\/wp-json\/wp\/v2\/tags?post=46055"}],"curies":[{"name":"wp","href":"https:\/\/api.w.org\/{rel}","templated":true}]}}