{"id":46056,"date":"2019-07-13T11:18:06","date_gmt":"2019-07-13T15:18:06","guid":{"rendered":"https:\/\/linitiative.ca\/International\/passeport-ivoirien-une-mesure-exceptionnelle-pour-desengorger-les-sites-denrolement\/"},"modified":"2019-07-13T11:18:06","modified_gmt":"2019-07-13T15:18:06","slug":"passeport-ivoirien-une-mesure-exceptionnelle-pour-desengorger-les-sites-denrolement","status":"publish","type":"post","link":"https:\/\/linitiative.ca\/International\/passeport-ivoirien-une-mesure-exceptionnelle-pour-desengorger-les-sites-denrolement\/","title":{"rendered":"Passeport ivoirien: une mesure exceptionnelle pour d\u00e9sengorger les sites d\u2019enr\u00f4lement"},"content":{"rendered":"<div readability=\"32\">\n<p>Publi\u00e9 le 13.07.2019 \u00e0 16h18 par APA News<\/p>\n<\/div>\n<div readability=\"126\">\n<p>Les centres de collecte et d\u2019enr\u00f4lement du passeport biom\u00e9trique \u00e0 Abidjan, envahis par des centaines de p\u00e9titionnaires d\u00e8s l\u2019aube, en raison des vacances scolaires ces derniers jours, drainent moins de flux suite \u00e0 l\u2019ouverture exceptionnelle, d\u00e9sormais des sites, les samedis.Pour d\u00e9sengorger les sites d\u2019enr\u00f4lement du passeport biom\u00e9trique, la direction g\u00e9n\u00e9rale de la police a d\u00e9cid\u00e9 de s\u2019y investir pour r\u00e9guler cette situation qui engendre d\u2019\u00e9normes mouvements de personnes et l\u2019engorgement des lieux d\u2019enr\u00f4lement.\u00a0<\/p>\n<p>Le contr\u00f4leur g\u00e9n\u00e9ral Kouyat\u00e9 Youssouf, le directeur g\u00e9n\u00e9ral de la police nationale de C\u00f4te d\u2019Ivoire, a au regard de cette situation, requis l\u2019ouverture exceptionnelle des bureaux de collecte et d\u2019enr\u00f4lement \u00ab les samedis et ce pour compter du samedi 13 juillet 2019, de 8h \u00e0 14h \u00bb. \u00a0<\/p>\n<p>Sur le site de Marcory, dans le Sud d\u2019Abidjan, seulement une poign\u00e9e de personnes \u00e9taient pr\u00e9sentes devant le centre d\u2019enr\u00f4lement, ce samedi matin, pour le d\u00e9p\u00f4t de leur dossier et se faire enr\u00f4ler en vue de l\u2019obtention du passeport biom\u00e9trique.<\/p>\n<p>Autrefois, il fallait \u00eatre sur les lieux d\u00e8s l\u2019aube pour esp\u00e9rer se faire enr\u00f4ler. Karine Kon\u00e9, une \u00e9tudiante en Master 2 de strat\u00e9gie de marques et d\u2019innovation, a pr\u00e9f\u00e9r\u00e9 laisser le centre de Cocody-Angr\u00e9, \u00e0 l\u2019Est d\u2019Abidjan pour venir \u00e0 Marcory, o\u00f9 d\u00e9j\u00e0 \u00e0 7h, \u00e0 la pointe du rang, elle esp\u00e8re lib\u00e9rer cette course.<\/p>\n<p>Karine, visiblement d\u00e9contract\u00e9e, attend de renouveler son passeport afin de se retourner \u00e0 Lyon, en France, pour poursuivre ses \u00e9tudes. A Abidjan, elle s\u2019\u00e9tait rendue aupr\u00e8s des siens pour des vacances dont elle raffole les jours pass\u00e9s.\u00a0<\/p>\n<p>Derri\u00e8re son si\u00e8ge, Adjaratou Ciss\u00e9, une \u00e9l\u00e8ve, est accompagn\u00e9e de sa m\u00e8re et de son fr\u00e8re qui lui a vu sur le net la prorogation de la r\u00e9ception des dossiers les samedis, de fa\u00e7on exceptionnelle. L\u2019adolescente, \u00a0les yeux scintillants, est impatiente de d\u00e9couvrir la France, o\u00f9 elle ira pour la premi\u00e8re fois.<\/p>\n<p>\u00ab Je suis excit\u00e9e \u00bb, laisse entendre la jeune Adjaratou, qui a h\u00e2te de se rendre en France, une destination tr\u00e8s pris\u00e9e des Ivoiriens. Ses parents comptent finir t\u00f4t la proc\u00e9dure pour regagner leurs activit\u00e9s puisque pendant les vacances il y a assez de monde. Ce samedi, lui, enregistre moins d\u2019affluence. \u00a0<\/p>\n<p>La sensibilisation sur cette mesure semble n\u2019avoir pas encore bien pris. Inform\u00e9e, Mme Kouassi, une auxiliaire de pharmacie, est venue avant 8 heures, le temps d\u2019ouverture de l\u2019op\u00e9ration d\u2019enr\u00f4lement, pour profiter de cette aubaine afin de renouveler son passeport.<\/p>\n<p>Pour elle, il serait judicieux d\u2019ouvrir le centre de collecte et d\u2019enr\u00f4lement du passeport biom\u00e9trique pour permettre aux travailleurs d\u2019\u00e9viter de prendre des permissions pour se faire \u00e9tablir ce document servant \u00e0 l\u2019identification et \u00e0 voyager ais\u00e9ment \u00e0 l\u2019\u00e9tranger. \u00a0\u00a0<\/p>\n<p>Se faire \u00e9diter un passeport biom\u00e9trique \u00e0 Abidjan est un parcours du combattant. Tr\u00e8s t\u00f4t, \u00a0les demandeurs prennent d\u2019assaut les sites d\u2019enr\u00f4lement. Les centres devenus exigus au regard de l\u2019affluence, ceux-ci \u00e9taient recueillis sous des b\u00e2ches, \u00e0 l\u2019ext\u00e9rieur des locaux.<\/p>\n<p>Le passeport biom\u00e9trique en C\u00f4te d\u2019Ivoire est valable pour une dur\u00e9e de cinq ans. Le b\u00e9n\u00e9ficiaire \u00e0 l\u2019avantage de circuler librement dans l\u2019espace de la Communaut\u00e9 \u00e9conomique des \u00c9tats de l\u2019Afrique de l\u2019Ouest (CEDEAO).<\/p>\n<\/div>\n<p>Auteur: APA News<br \/>\n<a href=\"https:\/\/www.journalducameroun.com\/passeport-ivoirien-une-mesure-exceptionnelle-pour-desengorger-les-sites-denrolement\/\">Cliquez ici pour lire l&rsquo;article depuis sa source.<\/a><\/p>\n","protected":false},"excerpt":{"rendered":"<p>Publi\u00e9 le 13.07.2019 \u00e0 16h18 par APA News Les centres de collecte et d\u2019enr\u00f4lement du passeport biom\u00e9trique \u00e0 Abidjan, envahis par des centaines de p\u00e9titionnaires d\u00e8s l\u2019aube, en raison des vacances scolaires ces derniers jours, drainent moins de flux suite \u00e0 l\u2019ouverture exceptionnelle, d\u00e9sormais des sites, les samedis.Pour d\u00e9sengorger les sites d\u2019enr\u00f4lement du passeport biom\u00e9trique, [&hellip;]<\/p>\n","protected":false},"author":1965,"featured_media":0,"comment_status":"closed","ping_status":"closed","sticky":false,"template":"","format":"standard","meta":{"fifu_image_url":"","fifu_image_alt":"","footnotes":""},"categories":[73,82],"tags":[],"class_list":["post-46056","post","type-post","status-publish","format-standard","hentry","category-actualite","category-cameroun"],"_links":{"self":[{"href":"https:\/\/linitiative.ca\/International\/wp-json\/wp\/v2\/posts\/46056","targetHints":{"allow":["GET"]}}],"collection":[{"href":"https:\/\/linitiative.ca\/International\/wp-json\/wp\/v2\/posts"}],"about":[{"href":"https:\/\/linitiative.ca\/International\/wp-json\/wp\/v2\/types\/post"}],"author":[{"embeddable":true,"href":"https:\/\/linitiative.ca\/International\/wp-json\/wp\/v2\/users\/1965"}],"replies":[{"embeddable":true,"href":"https:\/\/linitiative.ca\/International\/wp-json\/wp\/v2\/comments?post=46056"}],"version-history":[{"count":0,"href":"https:\/\/linitiative.ca\/International\/wp-json\/wp\/v2\/posts\/46056\/revisions"}],"wp:attachment":[{"href":"https:\/\/linitiative.ca\/International\/wp-json\/wp\/v2\/media?parent=46056"}],"wp:term":[{"taxonomy":"category","embeddable":true,"href":"https:\/\/linitiative.ca\/International\/wp-json\/wp\/v2\/categories?post=46056"},{"taxonomy":"post_tag","embeddable":true,"href":"https:\/\/linitiative.ca\/International\/wp-json\/wp\/v2\/tags?post=46056"}],"curies":[{"name":"wp","href":"https:\/\/api.w.org\/{rel}","templated":true}]}}