{"id":46059,"date":"2019-07-13T11:50:03","date_gmt":"2019-07-13T15:50:03","guid":{"rendered":"https:\/\/linitiative.ca\/International\/citoyen-dinde-ou-clandestin-un-recensement-controverse-dans-letat-dassam\/"},"modified":"2019-07-13T11:50:03","modified_gmt":"2019-07-13T15:50:03","slug":"citoyen-dinde-ou-clandestin-un-recensement-controverse-dans-letat-dassam","status":"publish","type":"post","link":"https:\/\/linitiative.ca\/International\/citoyen-dinde-ou-clandestin-un-recensement-controverse-dans-letat-dassam\/","title":{"rendered":"Citoyen d\u2019Inde ou clandestin? Un recensement controvers\u00e9 dans l\u2019Etat d\u2019Assam"},"content":{"rendered":"<div readability=\"32\">\n<p>Publi\u00e9 le 13.07.2019 \u00e0 16h50 par AFP<\/p>\n<\/div>\n<div readability=\"159\">\n<p>N\u00e9 en Inde il y a 71 ans, Mohammed Rehat Ali reste traumatis\u00e9 de ses trois ans dans un camp de d\u00e9tention destin\u00e9 \u00e0 ceux que les autorit\u00e9s consid\u00e8rent comme des immigr\u00e9s ill\u00e9gaux dans l\u2019Assam, un grand Etat du nord-est de l\u2019Inde.<\/p>\n<p>Cet agriculteur analphab\u00e8te s\u2019est retrouv\u00e9 pris dans l\u2019engrenage d\u2019un controvers\u00e9 registre de citoyennet\u00e9 indien, actuellement en cours de finalisation en Assam et que le gouvernement nationaliste hindou envisage aujourd\u2019hui de r\u00e9pliquer ailleurs dans le pays de 1,3 milliard d\u2019habitants.<\/p>\n<p>Au nom de la lutte contre l\u2019immigration ill\u00e9gale, ce Registre national des citoyens (NRC) demande aux habitants de l\u2019Assam de prouver leur citoyennet\u00e9 indienne. Les personnes qui ne figureront pas dans la liste finale, annonc\u00e9e pour fin juillet, seront donc consid\u00e9r\u00e9es comme \u00e9trang\u00e8res et susceptibles d\u2019\u00eatre expuls\u00e9s.<\/p>\n<p>Des centaines de milliers d\u2019habitants pourraient alors se retrouver apatrides de fait.<\/p>\n<p>Durant la campagne cette ann\u00e9e pour les l\u00e9gislatives en Inde, Amit Shah, puissant bras droit du Premier ministre Narendra Modi, a qualifi\u00e9 les immigr\u00e9s ill\u00e9gaux d&rsquo;\u00a0\u00bbinfiltr\u00e9s\u00a0\u00bb et \u00ab\u00a0termites\u00a0\u00bb. Depuis la reconduction des nationalistes hindous au pouvoir \u00e0 New Delhi, il est devenu ministre de l\u2019Int\u00e9rieur.<\/p>\n<p>\u00ab\u00a0Jamais je n\u2019ai pens\u00e9 que je devrais avoir \u00e0 prouver ma citoyennet\u00e9. Je suis un citoyen indien, nous sommes n\u00e9s ici en Assam et vivons ici depuis des g\u00e9n\u00e9rations\u00a0\u00bb, explique Mohammed Rehat Ali.<\/p>\n<p>Mais un \u00ab\u00a0tribunal pour \u00e9trangers\u00a0\u00bb n\u2019\u00e9tait pas de cet avis. En raison de son incapacit\u00e9 \u00e0 produire les documents requis, la justice a d\u00e9clar\u00e9 qu\u2019il \u00e9tait un citoyen du Bangladesh, pays frontalier de l\u2019Assam, et l\u2019a envoy\u00e9 en d\u00e9tention.<\/p>\n<p>Apr\u00e8s un long parcours judiciaire, qui a n\u00e9cessit\u00e9 qu\u2019ils vendent leur terre et du b\u00e9tail pour couvrir les frais d\u2019avocats, ses fils ont obtenu d\u2019une cour d\u2019appel qu\u2019il soit reconnu comme indien et lib\u00e9r\u00e9 le mois dernier du camp.<\/p>\n<p>\u2013 \u00ab\u00a0Registre national de cruaut\u00e9\u00a0\u00bb \u2013<\/p>\n<p>Le NRC recense les habitants d\u2019Assam capables de prouver que leur pr\u00e9sence ou celle de leur famille est ant\u00e9rieure \u00e0 1971, ann\u00e9e o\u00f9 des millions de personnes s\u2019y \u00e9taient r\u00e9fugi\u00e9es en provenance du Bangladesh en pleine guerre d\u2019ind\u00e9pendance.<\/p>\n<p>Mais ses d\u00e9tracteurs accusent les nationalistes hindous de se servir du recensement pour s\u2019en prendre aux minorit\u00e9s, notamment musulmane, qui repr\u00e9sente un tiers de la population assamaise. Mosa\u00efque d\u2019ethnies r\u00e9guli\u00e8rement secou\u00e9e par des violences intercommunautaires, l\u2019Assam est pour l\u2019instant le seul Etat d\u2019Inde \u00e0 poss\u00e9der un tel registre.<\/p>\n<p>Sur la liste provisoire publi\u00e9e l\u2019ann\u00e9e derni\u00e8re, 4,4 millions de personnes, sur les 33 millions d\u2019habitants de l\u2019Assam, manquaient \u00e0 l\u2019appel. Sur ces exclus, principalement des musulmans, 3,6 millions d\u2019entre eux ont fait appel de la d\u00e9cision, une proc\u00e9dure au r\u00e9sultat incertain.<\/p>\n<p>A l\u2019ach\u00e8vement du NRC, des centaines de milliers de personnes \u2013 deux millions m\u00eame, selon des m\u00e9dias indiens \u2013 devraient se retrouver dans des limbes juridiques, confront\u00e9es \u00e0 un avenir incertain. M\u00eame sans \u00eatre d\u00e9port\u00e9es, elles pourraient rencontrer des difficult\u00e9s pour acc\u00e9der \u00e0 l\u2019\u00e9cole ou au syst\u00e8me de sant\u00e9.<\/p>\n<p>Le Bangladesh a pr\u00e9venu qu\u2019il n\u2019accepterait aucune personne expuls\u00e9e d\u2019Assam.<\/p>\n<p>La situation de NRC, renomm\u00e9 \u00ab\u00a0Registre national de la cruaut\u00e9\u00a0\u00bb dans une r\u00e9cente tribune publi\u00e9e par le quotidien The Hindu, prend parfois des tournures kafka\u00efennes.<\/p>\n<p>\u2013 \u00ab\u00a0Loin de ma famille\u00a0\u00bb \u2013<\/p>\n<p>En mai, un v\u00e9t\u00e9ran de l\u2019arm\u00e9e indienne, qui avait particip\u00e9 au conflit de Kargil en 1999 contre le Pakistan, a \u00e9t\u00e9 envoy\u00e9 dans un camp pour \u00ab\u00a0\u00e9trangers\u00a0\u00bb en raison d\u2019une anomalie dans ses documents. La police a saisi son vieil uniforme militaire.<\/p>\n<p>Face au toll\u00e9 d\u00e9clench\u00e9 par cette affaire, qui a attir\u00e9 l\u2019attention de la presse nationale, l\u2019homme a \u00e9t\u00e9 remis en libert\u00e9 provisoire apr\u00e8s le paiement d\u2019une caution.<\/p>\n<p>Au total, 938 personnes se trouvent actuellement en d\u00e9tention dans six camps, selon des chiffres communiqu\u00e9s \u00e0 l\u2019AFP par un haut fonctionnaire qui a requis l\u2019anonymat. Un plus grand camp, avec une capacit\u00e9 de 3.000 personnes, doit \u00eatre construit, et le gouvernement assamais souhaite en b\u00e2tir neuf suppl\u00e9mentaires, d\u2019une capacit\u00e9 de 1.000 personnes chacun.<\/p>\n<p>En janvier, la chambre basse du Parlement a pass\u00e9 une loi rendant \u00e9ligibles \u00e0 la nationalit\u00e9 indienne les immigr\u00e9s venus du Bangladesh, du Pakistan et d\u2019Afghanistan il y a au moins six ans. A la condition qu\u2019ils ne soient pas musulmans\u2026<\/p>\n<p>\u00ab\u00a0J\u2019ai perdu trois longues ann\u00e9es de ma vie loin de ma famille\u00a0\u00bb, soupire Mohammed Rehat Ali.<\/p>\n<\/div>\n<p>Auteur: AFP<br \/>\n<a href=\"https:\/\/www.journalducameroun.com\/citoyen-dinde-ou-clandestin-un-recensement-controverse-dans-letat-dassam\/\">Cliquez ici pour lire l&rsquo;article depuis sa source.<\/a><\/p>\n","protected":false},"excerpt":{"rendered":"<p>Publi\u00e9 le 13.07.2019 \u00e0 16h50 par AFP N\u00e9 en Inde il y a 71 ans, Mohammed Rehat Ali reste traumatis\u00e9 de ses trois ans dans un camp de d\u00e9tention destin\u00e9 \u00e0 ceux que les autorit\u00e9s consid\u00e8rent comme des immigr\u00e9s ill\u00e9gaux dans l\u2019Assam, un grand Etat du nord-est de l\u2019Inde. Cet agriculteur analphab\u00e8te s\u2019est retrouv\u00e9 pris [&hellip;]<\/p>\n","protected":false},"author":1965,"featured_media":0,"comment_status":"closed","ping_status":"closed","sticky":false,"template":"","format":"standard","meta":{"fifu_image_url":"","fifu_image_alt":"","footnotes":""},"categories":[73,82],"tags":[],"class_list":["post-46059","post","type-post","status-publish","format-standard","hentry","category-actualite","category-cameroun"],"_links":{"self":[{"href":"https:\/\/linitiative.ca\/International\/wp-json\/wp\/v2\/posts\/46059","targetHints":{"allow":["GET"]}}],"collection":[{"href":"https:\/\/linitiative.ca\/International\/wp-json\/wp\/v2\/posts"}],"about":[{"href":"https:\/\/linitiative.ca\/International\/wp-json\/wp\/v2\/types\/post"}],"author":[{"embeddable":true,"href":"https:\/\/linitiative.ca\/International\/wp-json\/wp\/v2\/users\/1965"}],"replies":[{"embeddable":true,"href":"https:\/\/linitiative.ca\/International\/wp-json\/wp\/v2\/comments?post=46059"}],"version-history":[{"count":0,"href":"https:\/\/linitiative.ca\/International\/wp-json\/wp\/v2\/posts\/46059\/revisions"}],"wp:attachment":[{"href":"https:\/\/linitiative.ca\/International\/wp-json\/wp\/v2\/media?parent=46059"}],"wp:term":[{"taxonomy":"category","embeddable":true,"href":"https:\/\/linitiative.ca\/International\/wp-json\/wp\/v2\/categories?post=46059"},{"taxonomy":"post_tag","embeddable":true,"href":"https:\/\/linitiative.ca\/International\/wp-json\/wp\/v2\/tags?post=46059"}],"curies":[{"name":"wp","href":"https:\/\/api.w.org\/{rel}","templated":true}]}}