{"id":46060,"date":"2019-07-13T11:50:04","date_gmt":"2019-07-13T15:50:04","guid":{"rendered":"https:\/\/linitiative.ca\/International\/hong-kong-affrontements-lors-dune-manifestation-contre-les-commercants-chinois-frontaliers\/"},"modified":"2019-07-13T11:50:04","modified_gmt":"2019-07-13T15:50:04","slug":"hong-kong-affrontements-lors-dune-manifestation-contre-les-commercants-chinois-frontaliers","status":"publish","type":"post","link":"https:\/\/linitiative.ca\/International\/hong-kong-affrontements-lors-dune-manifestation-contre-les-commercants-chinois-frontaliers\/","title":{"rendered":"Hong Kong: affrontements lors d\u2019une manifestation contre les commer\u00e7ants chinois frontaliers"},"content":{"rendered":"<div readability=\"32\">\n<p>Publi\u00e9 le 13.07.2019 \u00e0 16h50 par AFP<\/p>\n<\/div>\n<div readability=\"86\">\n<p>Des affrontements ont oppos\u00e9 samedi la police et des manifestants \u00e0 Hong Kong o\u00f9 la derni\u00e8re en date des protestations anti-gouvernementales s\u2019en est prise aux commer\u00e7ants venus de Chine continentale s\u2019approvisionner dans le territoire.<\/p>\n<p>La police a utilis\u00e9 du gaz poivre et des matraques contre des manifestants masqu\u00e9s \u00e0 Sheung Shui, localit\u00e9 situ\u00e9e pr\u00e8s de la fronti\u00e8re avec la Chine o\u00f9 des milliers de personnes ont manifest\u00e9 pour protester contre ces \u00ab\u00a0commer\u00e7ants parall\u00e8les\u00a0\u00bb.<\/p>\n<p>L\u2019un des manifestants avait une blessure \u00e0 la t\u00eate qui saignait, a constat\u00e9 l\u2019AFP.<\/p>\n<p>Les dizaines de pharmacies ou magasins de cosm\u00e9tiques qui fleurissent \u00e0 Sheung Shui sont tr\u00e8s populaires parmi les commer\u00e7ants de Chine continentale qui viennent s\u2019approvisionner \u00e0 Hong Kong, d\u00e9pourvu de taxe sur le chiffre d\u2019affaires, afin de les revendre de l\u2019autre c\u00f4t\u00e9 de la fronti\u00e8re.<\/p>\n<p>Ces \u00ab\u00a0commer\u00e7ants parall\u00e8les\u00a0\u00bb font marcher les affaires en zone frontali\u00e8re mais constituent \u00e9galement une source de tensions pour les habitants.<\/p>\n<p>\u00ab\u00a0Les loyers ont grimp\u00e9. Les autres petits magasins ou restaurants ne peuvent survivre. La r\u00e9gion tout enti\u00e8re est devenue un site pour approvisionner les commer\u00e7ants parall\u00e8les au lieu des habitants locaux\u00a0\u00bb, a expliqu\u00e9 \u00e0 l\u2019AFP parmi la foule de manifestants Siu Hok-yan, 74 ans.<\/p>\n<p>La plupart des magasins \u00e0 Sheung Shui avaient baiss\u00e9 le rideau avant la manifestation et les quelques-uns rest\u00e9s ouverts se voyaient oblig\u00e9s de fermer par les manifestants, selon les images diffus\u00e9es par des m\u00e9dias locaux.<\/p>\n<p>La police a expliqu\u00e9 dans un communiqu\u00e9 s\u2019\u00eatre d\u00e9ploy\u00e9e apr\u00e8s que des manifestants ont commenc\u00e9 \u00e0 se disputer avec des habitants et \u00ab\u00a0tent\u00e9 de charger des policiers qui intervenaient\u00a0\u00bb. Les manifestants accusent la police d\u2019avoir charg\u00e9 sans pr\u00e9avis.<\/p>\n<p>Des manifestations massives, en marge desquelles ont \u00e9clat\u00e9 de violents affrontements avec la police, secouent Hong Kong depuis plus d\u2019un mois. Suscit\u00e9es au d\u00e9part par un projet de loi du gouvernement pro-P\u00e9kin autorisant les extraditions vers la Chine continentale, dor\u00e9navant suspendu, elles se sont transform\u00e9es en vaste mouvement pro-d\u00e9mocratie dans le territoire semi-autonome.<\/p>\n<p>L\u2019afflux de touristes et d\u2019immigrants venus de Chine continentale a provoqu\u00e9 ces derni\u00e8res ann\u00e9es un rejet croissant et certains manifestants parmi les plus durs les qualifient m\u00eame de \u00ab\u00a0sauterelles\u00a0\u00bb.<\/p>\n<p>Un million de Chinois environ ont \u00e9migr\u00e9 \u00e0 Hong Kong depuis la r\u00e9trocession en 1997, une cause de friction dans une ville de 7,3 millions d\u2019habitants qui souffre d\u2019une grave p\u00e9nurie de logements et o\u00f9 le co\u00fbt de l\u2019immobilier est exorbitant.<\/p>\n<\/div>\n<p>Auteur: AFP<br \/>\n<a href=\"https:\/\/www.journalducameroun.com\/hong-kong-affrontements-lors-dune-manifestation-contre-les-commercants-chinois-frontaliers\/\">Cliquez ici pour lire l&rsquo;article depuis sa source.<\/a><\/p>\n","protected":false},"excerpt":{"rendered":"<p>Publi\u00e9 le 13.07.2019 \u00e0 16h50 par AFP Des affrontements ont oppos\u00e9 samedi la police et des manifestants \u00e0 Hong Kong o\u00f9 la derni\u00e8re en date des protestations anti-gouvernementales s\u2019en est prise aux commer\u00e7ants venus de Chine continentale s\u2019approvisionner dans le territoire. La police a utilis\u00e9 du gaz poivre et des matraques contre des manifestants masqu\u00e9s [&hellip;]<\/p>\n","protected":false},"author":1965,"featured_media":0,"comment_status":"closed","ping_status":"closed","sticky":false,"template":"","format":"standard","meta":{"fifu_image_url":"","fifu_image_alt":"","footnotes":""},"categories":[73,82],"tags":[],"class_list":["post-46060","post","type-post","status-publish","format-standard","hentry","category-actualite","category-cameroun"],"_links":{"self":[{"href":"https:\/\/linitiative.ca\/International\/wp-json\/wp\/v2\/posts\/46060","targetHints":{"allow":["GET"]}}],"collection":[{"href":"https:\/\/linitiative.ca\/International\/wp-json\/wp\/v2\/posts"}],"about":[{"href":"https:\/\/linitiative.ca\/International\/wp-json\/wp\/v2\/types\/post"}],"author":[{"embeddable":true,"href":"https:\/\/linitiative.ca\/International\/wp-json\/wp\/v2\/users\/1965"}],"replies":[{"embeddable":true,"href":"https:\/\/linitiative.ca\/International\/wp-json\/wp\/v2\/comments?post=46060"}],"version-history":[{"count":0,"href":"https:\/\/linitiative.ca\/International\/wp-json\/wp\/v2\/posts\/46060\/revisions"}],"wp:attachment":[{"href":"https:\/\/linitiative.ca\/International\/wp-json\/wp\/v2\/media?parent=46060"}],"wp:term":[{"taxonomy":"category","embeddable":true,"href":"https:\/\/linitiative.ca\/International\/wp-json\/wp\/v2\/categories?post=46060"},{"taxonomy":"post_tag","embeddable":true,"href":"https:\/\/linitiative.ca\/International\/wp-json\/wp\/v2\/tags?post=46060"}],"curies":[{"name":"wp","href":"https:\/\/api.w.org\/{rel}","templated":true}]}}