{"id":46061,"date":"2019-07-13T11:50:06","date_gmt":"2019-07-13T15:50:06","guid":{"rendered":"https:\/\/linitiative.ca\/International\/les-soudanais-defilent-en-memoire-des-martyrs-du-sit-in-disperse-2\/"},"modified":"2019-07-13T11:50:06","modified_gmt":"2019-07-13T15:50:06","slug":"les-soudanais-defilent-en-memoire-des-martyrs-du-sit-in-disperse-2","status":"publish","type":"post","link":"https:\/\/linitiative.ca\/International\/les-soudanais-defilent-en-memoire-des-martyrs-du-sit-in-disperse-2\/","title":{"rendered":"Les Soudanais d\u00e9filent en m\u00e9moire des \u00ab\u00a0martyrs\u00a0\u00bb du sit-in dispers\u00e9"},"content":{"rendered":"<div readability=\"32\">\n<p>Publi\u00e9 le 13.07.2019 \u00e0 16h50 par AFP<\/p>\n<\/div>\n<div readability=\"125\">\n<p>Des milliers de Soudanais se r\u00e9unissent samedi \u00e0 travers le pays pour rendre hommage aux manifestants tu\u00e9s le 3 juin lors de la dispersion \u00e0 Khartoum d\u2019un sit-in demandant aux dirigeants militaires un pouvoir civil.<\/p>\n<p>Quarante jours apr\u00e8s l\u2019\u00e9vacuation brutale de ce rassemblement, l\u2019Alliance pour la libert\u00e9 et le changement (ALC), fer de lance de la contestation, a appel\u00e9 les Soudanais \u00e0 d\u00e9filer dans les rues en signe de soutien aux familles des victimes.<\/p>\n<p>Au moins 136 personnes ont \u00e9t\u00e9 tu\u00e9es le 3 juin par des hommes arm\u00e9s, selon un comit\u00e9 de m\u00e9decins proche de la contestation, tandis que les autorit\u00e9s parlent de 71 morts.<\/p>\n<p>Scandant \u00ab\u00a0sang pour sang, nous n\u2019accepterons pas de compensation\u00a0\u00bb, une foule de manifestants a envahi les rues du quartier de Bahari, dans le nord de Khartoum, haut-lieu de la contestation qui a caus\u00e9 la chute d\u2019Omar el-B\u00e9chir le 11 avril, apr\u00e8s trois d\u00e9cennies au pouvoir.<\/p>\n<p>Des manifestants ont \u00e9galement d\u00e9fil\u00e9 dans le quartier de Haj Youssef, \u00e0 Khartoum. Certains brandissaient les photographies des \u00ab\u00a0martyrs\u00a0\u00bb, les manifestants tu\u00e9s le 3 juin, selon des t\u00e9moins contact\u00e9s par l\u2019AFP.<\/p>\n<p>D\u2019autres rassemblements sont pr\u00e9vus plus tard dans la journ\u00e9e \u00e0 Khartoum.<\/p>\n<p>Des centaines de personnes ont aussi protest\u00e9 \u00e0 Omdourman, ville jumelle de la capitale, et \u00e0 Port-Soudan, poumon \u00e9conomique du pays situ\u00e9 675 km \u00e0 l\u2019est de Khartoum. Des manifestations se sont aussi tenues \u00e0 Madani et Kassala, dans l\u2019est du pays, et \u00e0 al-Obeid (centre), ont indiqu\u00e9 d\u2019autres t\u00e9moins par t\u00e9l\u00e9phone.<\/p>\n<p>Cette journ\u00e9e de rassemblements, qui marque la fin du deuil pour les familles selon la coutume musulmane, a \u00e9t\u00e9 baptis\u00e9e \u00ab\u00a0La justice avant tout\u00a0\u00bb. Les manifestants r\u00e9clament des enqu\u00eates sur la mort des victimes et le jugement des auteurs pr\u00e9sum\u00e9s des violences.<\/p>\n<p>Le Conseil militaire, actuellement au pouvoir, affirme ne pas avoir ordonn\u00e9 la dispersion du sit-in, tout en reconnaissant l\u2019implication d&rsquo;\u00a0\u00bbofficiers et de soldats\u00a0\u00bb. Des ONG et manifestants pointent du doigt les paramilitaires des Forces de soutien rapide (RSF).<\/p>\n<p>\u2013 Rencontre pr\u00e9vue samedi soir \u2013<\/p>\n<p>A Atbara, une foule de manifestants a envahi les rues de cette ville o\u00f9 se sont d\u00e9roul\u00e9es les premi\u00e8res manifestations du mouvement d\u00e9clench\u00e9 le 19 d\u00e9cembre par la d\u00e9cision du gouvernement de tripler le prix du pain.<\/p>\n<p>Des dizaines de personnes avaient d\u00e9j\u00e0 \u00e9t\u00e9 tu\u00e9es dans la r\u00e9pression de la contestation, avant m\u00eame la dispersion du sit-in.<\/p>\n<p>Ce dernier, install\u00e9 devant le QG de l\u2019arm\u00e9e \u00e0 Khartoum, \u00e9tait fr\u00e9quent\u00e9 jour et nuit par des milliers de Soudanais exigeant que les militaires, qui avaient destitu\u00e9 Omar el-B\u00e9chir, remettent le pouvoir aux civils.<\/p>\n<p>Le raid meurtrier du 3 juin a eu lieu alors que les n\u00e9gociations entre chefs de file de la contestation et l\u2019arm\u00e9e se trouvaient dans une impasse.<\/p>\n<p>Apr\u00e8s des semaines de tensions, les deux camps sont finalement parvenus le 5 juillet \u00e0 un accord sur la constitution d\u2019une instance charg\u00e9e de la p\u00e9riode de transition, fix\u00e9e \u00e0 trois ans.<\/p>\n<p>L\u2019accord sur cette instance \u2013qui sera pr\u00e9sid\u00e9e par un militaire pendant les 21 premiers mois, puis par un repr\u00e9sentant civil pendant les 18 mois restants\u2013 devrait \u00eatre sign\u00e9 dans les prochains jours et fait encore l\u2019objet de discussions entre les deux parties.<\/p>\n<p>Une rencontre entre des repr\u00e9sentants de la contestation et des militaires est pr\u00e9vue samedi soir pour discuter des derniers termes de l\u2019accord, selon les m\u00e9diateurs de l\u2019Union africaine et de l\u2019Ethiopie qui ont supervis\u00e9 les pourparlers.<\/p>\n<\/div>\n<p>Auteur: AFP<br \/>\n<a href=\"https:\/\/www.journalducameroun.com\/les-soudanais-defilent-en-memoire-des-martyrs-du-sit-in-disperse-2\/\">Cliquez ici pour lire l&rsquo;article depuis sa source.<\/a><\/p>\n","protected":false},"excerpt":{"rendered":"<p>Publi\u00e9 le 13.07.2019 \u00e0 16h50 par AFP Des milliers de Soudanais se r\u00e9unissent samedi \u00e0 travers le pays pour rendre hommage aux manifestants tu\u00e9s le 3 juin lors de la dispersion \u00e0 Khartoum d\u2019un sit-in demandant aux dirigeants militaires un pouvoir civil. Quarante jours apr\u00e8s l\u2019\u00e9vacuation brutale de ce rassemblement, l\u2019Alliance pour la libert\u00e9 et [&hellip;]<\/p>\n","protected":false},"author":1965,"featured_media":0,"comment_status":"closed","ping_status":"closed","sticky":false,"template":"","format":"standard","meta":{"fifu_image_url":"","fifu_image_alt":"","footnotes":""},"categories":[73,82],"tags":[],"class_list":["post-46061","post","type-post","status-publish","format-standard","hentry","category-actualite","category-cameroun"],"_links":{"self":[{"href":"https:\/\/linitiative.ca\/International\/wp-json\/wp\/v2\/posts\/46061","targetHints":{"allow":["GET"]}}],"collection":[{"href":"https:\/\/linitiative.ca\/International\/wp-json\/wp\/v2\/posts"}],"about":[{"href":"https:\/\/linitiative.ca\/International\/wp-json\/wp\/v2\/types\/post"}],"author":[{"embeddable":true,"href":"https:\/\/linitiative.ca\/International\/wp-json\/wp\/v2\/users\/1965"}],"replies":[{"embeddable":true,"href":"https:\/\/linitiative.ca\/International\/wp-json\/wp\/v2\/comments?post=46061"}],"version-history":[{"count":0,"href":"https:\/\/linitiative.ca\/International\/wp-json\/wp\/v2\/posts\/46061\/revisions"}],"wp:attachment":[{"href":"https:\/\/linitiative.ca\/International\/wp-json\/wp\/v2\/media?parent=46061"}],"wp:term":[{"taxonomy":"category","embeddable":true,"href":"https:\/\/linitiative.ca\/International\/wp-json\/wp\/v2\/categories?post=46061"},{"taxonomy":"post_tag","embeddable":true,"href":"https:\/\/linitiative.ca\/International\/wp-json\/wp\/v2\/tags?post=46061"}],"curies":[{"name":"wp","href":"https:\/\/api.w.org\/{rel}","templated":true}]}}