{"id":46062,"date":"2019-07-13T12:50:01","date_gmt":"2019-07-13T16:50:01","guid":{"rendered":"https:\/\/linitiative.ca\/International\/gb-boris-johnson-propose-de-regulariser-les-immigres-clandestins\/"},"modified":"2019-07-13T12:50:01","modified_gmt":"2019-07-13T16:50:01","slug":"gb-boris-johnson-propose-de-regulariser-les-immigres-clandestins","status":"publish","type":"post","link":"https:\/\/linitiative.ca\/International\/gb-boris-johnson-propose-de-regulariser-les-immigres-clandestins\/","title":{"rendered":"GB: Boris Johnson propose de r\u00e9gulariser les immigr\u00e9s clandestins"},"content":{"rendered":"<div readability=\"32\">\n<p>Publi\u00e9 le 13.07.2019 \u00e0 17h50 par AFP<\/p>\n<\/div>\n<div readability=\"85\">\n<p>Boris Johnson, favori pour devenir le prochain Premier ministre britannique, a propos\u00e9 samedi de r\u00e9gulariser le statut des immigr\u00e9s clandestins, une id\u00e9e qu\u2019il avait d\u00e9j\u00e0 \u00e9voqu\u00e9e quand il \u00e9tait maire de Londres.<\/p>\n<p>Ce geste envers les personnes en situation irr\u00e9guli\u00e8re, dont il a estim\u00e9 le nombre \u00e0 environ 500.000 rien qu\u2019\u00e0 Londres, devrait cependant selon lui s\u2019accompagner de mesures visant \u00e0 emp\u00eacher de nouvelles entr\u00e9es ill\u00e9gales de migrants afin d\u2019\u00e9viter un \u00ab\u00a0effet d\u2019aubaine\u00a0\u00bb.<\/p>\n<p>Alors qu\u2019il faisait campagne \u00e0 Wyboston, dans l\u2019est de l\u2019Angleterre, M. Johnson a \u00e9voqu\u00e9 \u00ab\u00a0les personnes qui sont ici depuis 12 ans ou plus, depuis longtemps\u00a0\u00bb et \u00ab\u00a0n\u2019ont pas eu de probl\u00e8mes avec la justice (\u2026), ont travaill\u00e9 dur, mais ne peuvent pas payer d\u2019imp\u00f4t et ont toujours un statut ill\u00e9gal\u00a0\u00bb,<\/p>\n<p>\u00ab\u00a0Je ne pense pas qu\u2019il soit raisonnable de penser que nous pouvons expulser un si grand nombre de personnes. Nous devons r\u00e9fl\u00e9chir \u00e0 la fa\u00e7on de r\u00e9gulariser leur statut\u00a0\u00bb, a-t-il d\u00e9clar\u00e9.<\/p>\n<p>Il a soulign\u00e9 que, malgr\u00e9 les efforts affich\u00e9s du gouvernement conservateur pour lutter contre l\u2019immigration clandestine, \u00ab\u00a0c\u2019est plus ou moins ce que nous faisons d\u00e9j\u00e0\u00a0\u00bb et que le nombre d\u2019expulsions est \u00ab\u00a0extr\u00eamement bas\u00a0\u00bb.<\/p>\n<p>\u00ab\u00a0Ce que je propose ne ferait pas une grande diff\u00e9rence (\u2026) \u00e7a consisterait \u00e0 r\u00e9gulariser une situation existante\u00a0\u00bb, a-t-il dit.<\/p>\n<p>M. Johnson a plaid\u00e9 pour que le Royaume-Uni se montre \u00ab\u00a0plus ferme\u00a0\u00bb avec les immigr\u00e9s qui tentent d\u2019entrer ill\u00e9galement dans le pays et \u00ab\u00a0plus compatissant envers ceux qui sont d\u00e9j\u00e0 ici\u00a0\u00bb.<\/p>\n<p>Il avait milit\u00e9 avec ferveur pour que le Royaume-Uni quitte l\u2019Union europ\u00e9enne lors du r\u00e9f\u00e9rendum de juin 2016, une campagne domin\u00e9e par les promesses de contr\u00f4ler davantage les flux migratoires en mettant fin \u00e0 la libre circulation des ressortissants de l\u2019Union europ\u00e9enne. L\u2019ancien maire de Londres d\u00e9fend cependant l\u2019immigration, affirmant que cela constitue un des facteurs du dynamisme de la capitale et du sud-est de l\u2019Angleterre.<\/p>\n<p>Il a r\u00e9p\u00e9t\u00e9 que s\u2019il \u00e9tait \u00e9lu, il introduirait un syst\u00e8me d\u2019immigration \u00e0 points, bas\u00e9 sur les comp\u00e9tences et l\u2019offre d\u2019emploi.<\/p>\n<\/div>\n<p>Auteur: AFP<br \/>\n<a href=\"https:\/\/www.journalducameroun.com\/gb-boris-johnson-propose-de-regulariser-les-immigres-clandestins\/\">Cliquez ici pour lire l&rsquo;article depuis sa source.<\/a><\/p>\n","protected":false},"excerpt":{"rendered":"<p>Publi\u00e9 le 13.07.2019 \u00e0 17h50 par AFP Boris Johnson, favori pour devenir le prochain Premier ministre britannique, a propos\u00e9 samedi de r\u00e9gulariser le statut des immigr\u00e9s clandestins, une id\u00e9e qu\u2019il avait d\u00e9j\u00e0 \u00e9voqu\u00e9e quand il \u00e9tait maire de Londres. Ce geste envers les personnes en situation irr\u00e9guli\u00e8re, dont il a estim\u00e9 le nombre \u00e0 environ [&hellip;]<\/p>\n","protected":false},"author":1965,"featured_media":0,"comment_status":"closed","ping_status":"closed","sticky":false,"template":"","format":"standard","meta":{"fifu_image_url":"","fifu_image_alt":"","footnotes":""},"categories":[73,82],"tags":[],"class_list":["post-46062","post","type-post","status-publish","format-standard","hentry","category-actualite","category-cameroun"],"_links":{"self":[{"href":"https:\/\/linitiative.ca\/International\/wp-json\/wp\/v2\/posts\/46062","targetHints":{"allow":["GET"]}}],"collection":[{"href":"https:\/\/linitiative.ca\/International\/wp-json\/wp\/v2\/posts"}],"about":[{"href":"https:\/\/linitiative.ca\/International\/wp-json\/wp\/v2\/types\/post"}],"author":[{"embeddable":true,"href":"https:\/\/linitiative.ca\/International\/wp-json\/wp\/v2\/users\/1965"}],"replies":[{"embeddable":true,"href":"https:\/\/linitiative.ca\/International\/wp-json\/wp\/v2\/comments?post=46062"}],"version-history":[{"count":0,"href":"https:\/\/linitiative.ca\/International\/wp-json\/wp\/v2\/posts\/46062\/revisions"}],"wp:attachment":[{"href":"https:\/\/linitiative.ca\/International\/wp-json\/wp\/v2\/media?parent=46062"}],"wp:term":[{"taxonomy":"category","embeddable":true,"href":"https:\/\/linitiative.ca\/International\/wp-json\/wp\/v2\/categories?post=46062"},{"taxonomy":"post_tag","embeddable":true,"href":"https:\/\/linitiative.ca\/International\/wp-json\/wp\/v2\/tags?post=46062"}],"curies":[{"name":"wp","href":"https:\/\/api.w.org\/{rel}","templated":true}]}}