{"id":46063,"date":"2019-07-13T17:18:02","date_gmt":"2019-07-13T21:18:02","guid":{"rendered":"https:\/\/linitiative.ca\/International\/caf-le-directeur-financier-de-la-caf-licencie\/"},"modified":"2019-07-13T17:18:02","modified_gmt":"2019-07-13T21:18:02","slug":"caf-le-directeur-financier-de-la-caf-licencie","status":"publish","type":"post","link":"https:\/\/linitiative.ca\/International\/caf-le-directeur-financier-de-la-caf-licencie\/","title":{"rendered":"CAF : Le Directeur financier de la CAF licenci\u00e9"},"content":{"rendered":"<div readability=\"32\">\n<p>Publi\u00e9 le 13.07.2019 \u00e0 22h18 par APA News<\/p>\n<\/div>\n<div readability=\"57\">\n<p>Le Directeur financier de la Conf\u00e9d\u00e9ration Africaine de Football (CAF), l\u2019Egyptien Mohamed El-Sherei vient d\u2019\u00eatre licenci\u00e9.Par Mohamed Fayed<\/p>\n<p>lettre dat\u00e9e du 8 juillet dernier, confirme par l\u2019interm\u00e9diaire du Secr\u00e9taire g\u00e9n\u00e9ral de la CAF le licenciement d\u2019El Sherei pour faute grave. Aucune explication sur la nature de cette \u00ab faute grave \u00bb n\u2019a d\u2019ailleurs \u00e9t\u00e9 d\u00e9voil\u00e9e.<\/p>\n<p>Des documents fuit\u00e9s font le tour de la toile depuis vendredi soir, accusant le patron de la CAF, Ahmad Ahmad, d\u2019avoir pay\u00e9 les frais de Omra (petit p\u00e8lerinage) pour des membres de la CAF.<\/p>\n<p>Plusieurs sources expliquent que Mohamed El Sherei aurait \u00e9t\u00e9 limog\u00e9 car il refusait d\u2019effectuer les paiements des frais de Omra pour les membres b\u00e9n\u00e9ficiaires.<\/p>\n<p>Juste apr\u00e8s son limogeage, Mohamed El-Sherei a envoy\u00e9 les documents prouvant son innocence \u00e0 la FIFA. L\u2019affaire est actuellement entre les mains de la plus grande instance mondiale du ballon rond.<\/p>\n<p>Ce licenciement intervient apr\u00e8s le limogeage de l\u2019ancien Secr\u00e9taire g\u00e9n\u00e9ral de la CAF, l\u2019Egyptien Amr Fahmy.<\/p>\n<\/div>\n<p>Auteur: APA News<br \/>\n<a href=\"https:\/\/www.journalducameroun.com\/caf-le-directeur-financier-de-la-caf-licencie\/\">Cliquez ici pour lire l&rsquo;article depuis sa source.<\/a><\/p>\n","protected":false},"excerpt":{"rendered":"<p>Publi\u00e9 le 13.07.2019 \u00e0 22h18 par APA News Le Directeur financier de la Conf\u00e9d\u00e9ration Africaine de Football (CAF), l\u2019Egyptien Mohamed El-Sherei vient d\u2019\u00eatre licenci\u00e9.Par Mohamed Fayed lettre dat\u00e9e du 8 juillet dernier, confirme par l\u2019interm\u00e9diaire du Secr\u00e9taire g\u00e9n\u00e9ral de la CAF le licenciement d\u2019El Sherei pour faute grave. Aucune explication sur la nature de cette [&hellip;]<\/p>\n","protected":false},"author":1965,"featured_media":0,"comment_status":"closed","ping_status":"closed","sticky":false,"template":"","format":"standard","meta":{"fifu_image_url":"","fifu_image_alt":"","footnotes":""},"categories":[73,82],"tags":[],"class_list":["post-46063","post","type-post","status-publish","format-standard","hentry","category-actualite","category-cameroun"],"_links":{"self":[{"href":"https:\/\/linitiative.ca\/International\/wp-json\/wp\/v2\/posts\/46063","targetHints":{"allow":["GET"]}}],"collection":[{"href":"https:\/\/linitiative.ca\/International\/wp-json\/wp\/v2\/posts"}],"about":[{"href":"https:\/\/linitiative.ca\/International\/wp-json\/wp\/v2\/types\/post"}],"author":[{"embeddable":true,"href":"https:\/\/linitiative.ca\/International\/wp-json\/wp\/v2\/users\/1965"}],"replies":[{"embeddable":true,"href":"https:\/\/linitiative.ca\/International\/wp-json\/wp\/v2\/comments?post=46063"}],"version-history":[{"count":0,"href":"https:\/\/linitiative.ca\/International\/wp-json\/wp\/v2\/posts\/46063\/revisions"}],"wp:attachment":[{"href":"https:\/\/linitiative.ca\/International\/wp-json\/wp\/v2\/media?parent=46063"}],"wp:term":[{"taxonomy":"category","embeddable":true,"href":"https:\/\/linitiative.ca\/International\/wp-json\/wp\/v2\/categories?post=46063"},{"taxonomy":"post_tag","embeddable":true,"href":"https:\/\/linitiative.ca\/International\/wp-json\/wp\/v2\/tags?post=46063"}],"curies":[{"name":"wp","href":"https:\/\/api.w.org\/{rel}","templated":true}]}}