{"id":46069,"date":"2019-07-14T04:01:01","date_gmt":"2019-07-14T08:01:01","guid":{"rendered":"https:\/\/linitiative.ca\/International\/une-journee-dinformation-dediee-aux-futurs-retraites-a-casablanca\/"},"modified":"2019-07-14T04:01:01","modified_gmt":"2019-07-14T08:01:01","slug":"une-journee-dinformation-dediee-aux-futurs-retraites-a-casablanca","status":"publish","type":"post","link":"https:\/\/linitiative.ca\/International\/une-journee-dinformation-dediee-aux-futurs-retraites-a-casablanca\/","title":{"rendered":"Une journ\u00e9e d\u2019information d\u00e9di\u00e9e aux futurs retrait\u00e9s  \u00e0 Casablanca"},"content":{"rendered":"<header>\n<\/header>\n<div class=\"entry-content clearfix\" readability=\"52\"><img decoding=\"async\" class=\"post_layout_5_img\" src=\"http:\/\/aujourdhui.ma\/wp-content\/uploads\/2019\/05\/Retraite.jpg?x29840\" alt=\"Une journ\u00e9e d\u2019information d\u00e9di\u00e9e aux futurs retrait\u00e9s \u00e0 Casablanca\"\/><\/p>\n<p class=\"p1\"><span class=\"s1 c5\"><span class=\"c4\"><strong>La Caisse nationale de s\u00e9curit\u00e9 sociale (CNSS) a organis\u00e9 le 26 juin dernier une rencontre d\u2019information au profit des futurs retrait\u00e9s n\u2019ayant pas encore d\u00e9pos\u00e9 leurs dossiers de pension de vieillesse.<\/strong><\/span><\/span><span id=\"more-314855\"\/><\/p>\n<p class=\"p1\"><span class=\"s1\">Au total, 1.773 assur\u00e9s \u00e2g\u00e9s de 60 ans et plus ayant travaill\u00e9 aupr\u00e8s des entreprises du secteur priv\u00e9 au Maroc et ayant cumul\u00e9 au moins 3.240 j ont \u00e9t\u00e9 cibl\u00e9s \u00e0 travers cette op\u00e9ration.<span class=\"Apple-converted-space\">\u00a0<\/span> Cette journ\u00e9e \u00e9tait destin\u00e9e \u00e0 sensibiliser les assur\u00e9s cible sur les diff\u00e9rentes prestations auxquelles ils peuvent pr\u00e9tendre, \u00e0 savoir la pension de vieillesse, la pension de survivant et allocation d\u00e9c\u00e8s, les allocations familiales et l\u2019assurance-maladie obligatoire.<\/span><\/p>\n<p class=\"p1\"><span class=\"s1\">Les assur\u00e9s ont \u00e9t\u00e9 inform\u00e9s sur les d\u00e9marches \u00e0 accomplir pour pr\u00e9parer leurs dossiers de pension. Suite \u00e0 un \u00e9change avec les futurs retrait\u00e9s, il a \u00e9t\u00e9 constat\u00e9 que plusieurs raisons expliquent le<span class=\"Apple-converted-space\">\u00a0<\/span> non-d\u00e9p\u00f4t de leurs dossiers de pension, \u00e0 savoir la m\u00e9connaissance totale du droit \u00e0 la pension, une<span class=\"Apple-converted-space\">\u00a0<\/span> confusion concernant l\u2019\u00e2ge de la retraite (quelques assur\u00e9s croyaient ne pr\u00e9tendre \u00e0 la pension qu\u2019\u00e0 l\u2019\u00e2ge de 63 ans apr\u00e8s la m\u00e9diatisation du changement relatif \u00e0 l\u2019\u00e2ge de pension des fonctionnaires de l\u2019Etat), et<span class=\"Apple-converted-space\">\u00a0<\/span> le d\u00e9c\u00e8s de l\u2019assur\u00e9.<\/span><\/p>\n<\/div>\n<p>Auteur: ALM<br \/>\n<a href=\"http:\/\/aujourdhui.ma\/societe\/une-journee-dinformation-dediee-aux-futurs-retraites-a-casablanca\">Cliquez ici pour lire l&rsquo;article depuis sa source.<\/a><\/p>\n","protected":false},"excerpt":{"rendered":"<p>La Caisse nationale de s\u00e9curit\u00e9 sociale (CNSS) a organis\u00e9 le 26 juin dernier une rencontre d\u2019information au profit des futurs retrait\u00e9s n\u2019ayant pas encore d\u00e9pos\u00e9 leurs dossiers de pension de vieillesse. Au total, 1.773 assur\u00e9s \u00e2g\u00e9s de 60 ans et plus ayant travaill\u00e9 aupr\u00e8s des entreprises du secteur priv\u00e9 au Maroc et ayant cumul\u00e9 au [&hellip;]<\/p>\n","protected":false},"author":1759,"featured_media":0,"comment_status":"closed","ping_status":"closed","sticky":false,"template":"","format":"standard","meta":{"fifu_image_url":"","fifu_image_alt":"","footnotes":""},"categories":[73,54],"tags":[],"class_list":["post-46069","post","type-post","status-publish","format-standard","hentry","category-actualite","category-maroc"],"_links":{"self":[{"href":"https:\/\/linitiative.ca\/International\/wp-json\/wp\/v2\/posts\/46069","targetHints":{"allow":["GET"]}}],"collection":[{"href":"https:\/\/linitiative.ca\/International\/wp-json\/wp\/v2\/posts"}],"about":[{"href":"https:\/\/linitiative.ca\/International\/wp-json\/wp\/v2\/types\/post"}],"author":[{"embeddable":true,"href":"https:\/\/linitiative.ca\/International\/wp-json\/wp\/v2\/users\/1759"}],"replies":[{"embeddable":true,"href":"https:\/\/linitiative.ca\/International\/wp-json\/wp\/v2\/comments?post=46069"}],"version-history":[{"count":0,"href":"https:\/\/linitiative.ca\/International\/wp-json\/wp\/v2\/posts\/46069\/revisions"}],"wp:attachment":[{"href":"https:\/\/linitiative.ca\/International\/wp-json\/wp\/v2\/media?parent=46069"}],"wp:term":[{"taxonomy":"category","embeddable":true,"href":"https:\/\/linitiative.ca\/International\/wp-json\/wp\/v2\/categories?post=46069"},{"taxonomy":"post_tag","embeddable":true,"href":"https:\/\/linitiative.ca\/International\/wp-json\/wp\/v2\/tags?post=46069"}],"curies":[{"name":"wp","href":"https:\/\/api.w.org\/{rel}","templated":true}]}}