{"id":46070,"date":"2019-07-14T04:02:21","date_gmt":"2019-07-14T08:02:21","guid":{"rendered":"https:\/\/linitiative.ca\/International\/devenir-facilitateur-professionnaliser-ses-pratiques-collaboratives-en-entreprise-de-jean-philippe-poupard\/"},"modified":"2019-07-14T04:02:21","modified_gmt":"2019-07-14T08:02:21","slug":"devenir-facilitateur-professionnaliser-ses-pratiques-collaboratives-en-entreprise-de-jean-philippe-poupard","status":"publish","type":"post","link":"https:\/\/linitiative.ca\/International\/devenir-facilitateur-professionnaliser-ses-pratiques-collaboratives-en-entreprise-de-jean-philippe-poupard\/","title":{"rendered":"Devenir facilitateur\u00a0: Professionnaliser ses pratiques collaboratives en entreprise, de Jean-Philippe Poupard"},"content":{"rendered":"<header>\n<div class=\"entry-post-meta\">\n<div class=\"author-link\">Publi\u00e9 par <a itemprop=\"author\" itemscope=\"\" itemtype=\"https:\/\/schema.org\/Person\" href=\"http:\/\/aujourdhui.ma\/profile\/kaid\" rel=\"author\"><span itemprop=\"name\">ALM<\/span><\/a><\/div>\n<p>Date\u00a0:<time content=\"2019-07-14T09:02:21+00:00\" class=\"entry-date updated\" datetime=\"2019-07-14T09:02:21+00:00\">juillet 14, 2019<\/time><\/p>\n<div class=\"entry-cat\">dans:<a href=\"http:\/\/aujourdhui.ma\/category\/emploi\" rel=\"category tag\">Emploi<\/a>, <a href=\"http:\/\/aujourdhui.ma\/category\/une\" rel=\"category tag\">Une<\/a><\/div>\n<p>1Vues<\/p>\n<\/div>\n<\/header>\n<div class=\"entry-content clearfix\" readability=\"58\"><img decoding=\"async\" class=\"post_layout_5_img\" src=\"http:\/\/aujourdhui.ma\/wp-content\/uploads\/2019\/07\/Livre-Devenir-facilitateur-.jpg?x29840\" alt=\"Devenir facilitateur\u00a0: Professionnaliser ses pratiques collaboratives en entreprise, de Jean-Philippe Poupard\"\/><\/p>\n<p class=\"p1\"><span class=\"s1\"><span class=\"c4\"><strong><em>\u00abA l\u2019heure o\u00f9 le collaboratif a le vent en poupe, la facilitation est un levier encore m\u00e9connu de mobilisation, d\u2019engagement et de transformation\u00bb.<\/em><\/strong><\/span><\/span> <span id=\"more-314650\"\/><\/p>\n<p class=\"p1\"><span class=\"s1\">Cette phrase issue des critiques du Net plante le d\u00e9cor d\u2019entr\u00e9e. Cet ouvrage con\u00e7u comme un guide m\u00e9thodologique permet \u00e0 chacun, d\u00e9butant ou aguerri, facilitateur ponctuel ou professionnel, de comprendre les diff\u00e9rentes facettes du r\u00f4le de facilitateur.<\/span><\/p>\n<p class=\"p1\"><span class=\"s1\">Parfaire sa pratique et l\u2019envisager de fa\u00e7on responsable et ambitieuse au regard des enjeux actuels d\u2019\u00e9volution et de transformation pos\u00e9s aux organisations; c\u2019est ce qui a motiv\u00e9 Jean-Philippe Poupard \u00e0 \u00e9crire cet ouvrage. \u00c9crit comme un manifeste, l\u2019auteur milite en faveur d\u2019un autre mode de fonctionnement dans les organisations. Jean-Philippe Poupard a fond\u00e9 la soci\u00e9t\u00e9 Formapart, premier cabinet en France sp\u00e9cialis\u00e9 dans la facilitation et la professionnalisation de facilitateur.<\/span><\/p>\n<p class=\"p1\"><span class=\"s1\">Son exp\u00e9rience dans des secteurs tr\u00e8s vari\u00e9s et son approche critique et pragmatique de la facilitation l\u2019ont conduit \u00e0 conseiller les dirigeants d\u2019entreprise sur les approches collaboratives. Il continue, par ailleurs, \u00e0 partager sa passion du m\u00e9tier dans les s\u00e9minaires de professionnalisation qu\u2019il anime pour Formapart. Il est cofondateur de l\u2019antenne fran\u00e7aise de l\u2019Association internationale des facilitateurs (IAF) qu\u2019il pr\u00e9side.<\/span><\/p>\n<p class=\"p3\"><strong><span class=\"s1\"><em>1 Min30 Publishing\u00a0<\/em><\/span><\/strong><strong><span class=\"s1\"><em>(2 mars 2018)<\/em><\/span><\/strong><\/p>\n<\/div>\n<p>Auteur: ALM<br \/>\n<a href=\"http:\/\/aujourdhui.ma\/emploi\/devenir-facilitateur-professionnaliser-ses-pratiques-collaboratives-en-entreprise-de-jean-philippe-poupard-2\">Cliquez ici pour lire l&rsquo;article depuis sa source.<\/a><\/p>\n","protected":false},"excerpt":{"rendered":"<p>Publi\u00e9 par ALM Date\u00a0:juillet 14, 2019 dans:Emploi, Une 1Vues \u00abA l\u2019heure o\u00f9 le collaboratif a le vent en poupe, la facilitation est un levier encore m\u00e9connu de mobilisation, d\u2019engagement et de transformation\u00bb. Cette phrase issue des critiques du Net plante le d\u00e9cor d\u2019entr\u00e9e. Cet ouvrage con\u00e7u comme un guide m\u00e9thodologique permet \u00e0 chacun, d\u00e9butant ou [&hellip;]<\/p>\n","protected":false},"author":1759,"featured_media":0,"comment_status":"closed","ping_status":"closed","sticky":false,"template":"","format":"standard","meta":{"fifu_image_url":"","fifu_image_alt":"","footnotes":""},"categories":[73,54],"tags":[],"class_list":["post-46070","post","type-post","status-publish","format-standard","hentry","category-actualite","category-maroc"],"_links":{"self":[{"href":"https:\/\/linitiative.ca\/International\/wp-json\/wp\/v2\/posts\/46070","targetHints":{"allow":["GET"]}}],"collection":[{"href":"https:\/\/linitiative.ca\/International\/wp-json\/wp\/v2\/posts"}],"about":[{"href":"https:\/\/linitiative.ca\/International\/wp-json\/wp\/v2\/types\/post"}],"author":[{"embeddable":true,"href":"https:\/\/linitiative.ca\/International\/wp-json\/wp\/v2\/users\/1759"}],"replies":[{"embeddable":true,"href":"https:\/\/linitiative.ca\/International\/wp-json\/wp\/v2\/comments?post=46070"}],"version-history":[{"count":0,"href":"https:\/\/linitiative.ca\/International\/wp-json\/wp\/v2\/posts\/46070\/revisions"}],"wp:attachment":[{"href":"https:\/\/linitiative.ca\/International\/wp-json\/wp\/v2\/media?parent=46070"}],"wp:term":[{"taxonomy":"category","embeddable":true,"href":"https:\/\/linitiative.ca\/International\/wp-json\/wp\/v2\/categories?post=46070"},{"taxonomy":"post_tag","embeddable":true,"href":"https:\/\/linitiative.ca\/International\/wp-json\/wp\/v2\/tags?post=46070"}],"curies":[{"name":"wp","href":"https:\/\/api.w.org\/{rel}","templated":true}]}}