{"id":46071,"date":"2019-07-14T04:02:59","date_gmt":"2019-07-14T08:02:59","guid":{"rendered":"https:\/\/linitiative.ca\/International\/lintelligence-artificielle-et-le-management-de-dominique-monera\/"},"modified":"2019-07-14T04:02:59","modified_gmt":"2019-07-14T08:02:59","slug":"lintelligence-artificielle-et-le-management-de-dominique-monera","status":"publish","type":"post","link":"https:\/\/linitiative.ca\/International\/lintelligence-artificielle-et-le-management-de-dominique-monera\/","title":{"rendered":"L\u2019intelligence artificielle et le management, de Dominique Monera"},"content":{"rendered":"<header>\n<div class=\"entry-post-meta\">\n<div class=\"author-link\">Publi\u00e9 par <a itemprop=\"author\" itemscope=\"\" itemtype=\"https:\/\/schema.org\/Person\" href=\"http:\/\/aujourdhui.ma\/profile\/kaid\" rel=\"author\"><span itemprop=\"name\">ALM<\/span><\/a><\/div>\n<p>Date\u00a0:<time content=\"2019-07-14T09:02:59+00:00\" class=\"entry-date updated\" datetime=\"2019-07-14T09:02:59+00:00\">juillet 14, 2019<\/time><\/p>\n<div class=\"entry-cat\">dans:<a href=\"http:\/\/aujourdhui.ma\/category\/emploi\" rel=\"category tag\">Emploi<\/a>, <a href=\"http:\/\/aujourdhui.ma\/category\/une\" rel=\"category tag\">Une<\/a><\/div>\n<p>25Vues<\/p>\n<\/div>\n<\/header>\n<div class=\"entry-content clearfix\" readability=\"64\"><img decoding=\"async\" class=\"post_layout_5_img\" src=\"http:\/\/aujourdhui.ma\/wp-content\/uploads\/2019\/07\/L%E2%80%99intelligence-artificielle-et-le-management-de-Dominique-Monera.jpg?x29840\" alt=\"L\u2019intelligence artificielle et le management, de Dominique Monera\"\/><\/p>\n<p class=\"p1\"><span class=\"s1\"><span class=\"c4\"><strong>\u200bCet ouvrage est destin\u00e9 \u00e0 tous les managers d\u2019entreprises. L\u2019auteur s\u2019est investi intellectuellement pour<span class=\"Apple-converted-space\">\u00a0<\/span> sensibiliser les d\u00e9cideurs aux diff\u00e9rents sujets li\u00e9s \u00e0 l\u2019intelligence artificielle (IA).<\/strong><\/span><\/span> <span id=\"more-314645\"\/><\/p>\n<p class=\"p1\"><span class=\"s1\">Dominique Monera est docteur en finance et titulaire d\u2019un master II de math\u00e9matiques appliqu\u00e9es. Au cours de son parcours comme cadre dirigeant au sein du secteur financier, il a cr\u00e9\u00e9 et dirig\u00e9 plusieurs \u00e9quipes d\u2019ing\u00e9nieurs et mis en place un grand nombre d\u2019algorithmes dans les domaines du risque, du marketing et de la relation client. Dans la foul\u00e9e, il a fond\u00e9 l\u2019IA Acad\u00e9mie, organisme de conseil et de formation \u00e0 destination des managers, sur les probl\u00e9matiques relevant de l\u2019IA.<\/span><\/p>\n<p class=\"p1\"><span class=\"s1\">L\u2019homme part du fait que le d\u00e9veloppement de cette derni\u00e8re rel\u00e8vera des pouvoirs publics qui interviendront sur sa promotion et sa r\u00e9gulation.<span class=\"Apple-converted-space\">\u00a0<\/span> En clair, les<span class=\"Apple-converted-space\">\u00a0<\/span> utilisations de cette nouvelle technologie conduiront les consommateurs \u00e0 accepter ou \u00e0 refuser de modifier leur comportement en fonction de l\u2019int\u00e9r\u00eat et du confort apport\u00e9s par l\u2019IA.<\/span><\/p>\n<p class=\"p1\"><span class=\"s1\">L\u2019auteur \u00e0 travers son livre explique : <em>\u00abComment l\u2019intelligence artificielle est partout pr\u00e9sente dans les m\u00e9dias, sur Internet, dans la presse, mais faussement accessible, difficile \u00e0 comprendre et plus encore \u00e0 appliquer de fa\u00e7on \u00e9thique et responsable\u00bb<\/em>.\u00a0L\u2019auteur est formel. <em>\u00abNi les universit\u00e9s ni les \u00e9coles de commerce ou d\u2019ing\u00e9nieurs n\u2019ont pu \u00e0 l\u2019\u00e9poque d\u00e9livrer le savoir indispensable qui permet d\u2019affronter le prochain tsunami technologique\u00bb,<\/em> fera-t-il remarquer.\u00a0<\/span><\/p>\n<p class=\"p1\"><span class=\"s1\">Et c\u2019est dans un tel contexte que l\u2019auteur r\u00e9digera son livre. Pour lui <em>\u00abla connaissance et la ma\u00eetrise de ces technologies nouvelles est un pr\u00e9requis indispensable si l\u2019on veut construire une IA efficace et bienveillante\u00bb<\/em>.\u00a0A lire assur\u00e9ment.<\/span><\/p>\n<p class=\"p3\"><strong><span class=\"s1\"><em>Ed. Fabert (07\/03\/2019)<\/em><\/span><\/strong><\/p>\n<\/div>\n<p>Auteur: ALM<br \/>\n<a href=\"http:\/\/aujourdhui.ma\/emploi\/lintelligence-artificielle-et-le-management-de-dominique-monera\">Cliquez ici pour lire l&rsquo;article depuis sa source.<\/a><\/p>\n","protected":false},"excerpt":{"rendered":"<p>Publi\u00e9 par ALM Date\u00a0:juillet 14, 2019 dans:Emploi, Une 25Vues \u200bCet ouvrage est destin\u00e9 \u00e0 tous les managers d\u2019entreprises. L\u2019auteur s\u2019est investi intellectuellement pour\u00a0 sensibiliser les d\u00e9cideurs aux diff\u00e9rents sujets li\u00e9s \u00e0 l\u2019intelligence artificielle (IA). Dominique Monera est docteur en finance et titulaire d\u2019un master II de math\u00e9matiques appliqu\u00e9es. Au cours de son parcours comme cadre [&hellip;]<\/p>\n","protected":false},"author":1759,"featured_media":0,"comment_status":"closed","ping_status":"closed","sticky":false,"template":"","format":"standard","meta":{"fifu_image_url":"","fifu_image_alt":"","footnotes":""},"categories":[73,54],"tags":[],"class_list":["post-46071","post","type-post","status-publish","format-standard","hentry","category-actualite","category-maroc"],"_links":{"self":[{"href":"https:\/\/linitiative.ca\/International\/wp-json\/wp\/v2\/posts\/46071","targetHints":{"allow":["GET"]}}],"collection":[{"href":"https:\/\/linitiative.ca\/International\/wp-json\/wp\/v2\/posts"}],"about":[{"href":"https:\/\/linitiative.ca\/International\/wp-json\/wp\/v2\/types\/post"}],"author":[{"embeddable":true,"href":"https:\/\/linitiative.ca\/International\/wp-json\/wp\/v2\/users\/1759"}],"replies":[{"embeddable":true,"href":"https:\/\/linitiative.ca\/International\/wp-json\/wp\/v2\/comments?post=46071"}],"version-history":[{"count":0,"href":"https:\/\/linitiative.ca\/International\/wp-json\/wp\/v2\/posts\/46071\/revisions"}],"wp:attachment":[{"href":"https:\/\/linitiative.ca\/International\/wp-json\/wp\/v2\/media?parent=46071"}],"wp:term":[{"taxonomy":"category","embeddable":true,"href":"https:\/\/linitiative.ca\/International\/wp-json\/wp\/v2\/categories?post=46071"},{"taxonomy":"post_tag","embeddable":true,"href":"https:\/\/linitiative.ca\/International\/wp-json\/wp\/v2\/tags?post=46071"}],"curies":[{"name":"wp","href":"https:\/\/api.w.org\/{rel}","templated":true}]}}