{"id":46073,"date":"2019-07-14T04:06:31","date_gmt":"2019-07-14T08:06:31","guid":{"rendered":"https:\/\/linitiative.ca\/International\/surveillance-routiere-dans-les-zones-a-trafic-intense-139-agents-assurent-le-controle-routier-a-travers-tout-le-maroc\/"},"modified":"2019-07-14T04:06:31","modified_gmt":"2019-07-14T08:06:31","slug":"surveillance-routiere-dans-les-zones-a-trafic-intense-139-agents-assurent-le-controle-routier-a-travers-tout-le-maroc","status":"publish","type":"post","link":"https:\/\/linitiative.ca\/International\/surveillance-routiere-dans-les-zones-a-trafic-intense-139-agents-assurent-le-controle-routier-a-travers-tout-le-maroc\/","title":{"rendered":"Surveillance routi\u00e8re dans les zones \u00e0 trafic intense : 139 agents assurent le contr\u00f4le routier  \u00e0 travers tout le Maroc"},"content":{"rendered":"<header>\n<div class=\"entry-post-meta\">\n<p>Date\u00a0:<time content=\"2019-07-14T09:06:31+00:00\" class=\"entry-date updated\" datetime=\"2019-07-14T09:06:31+00:00\">juillet 14, 2019<\/time><\/p>\n<p>2Vues<\/p>\n<\/div>\n<\/header>\n<div class=\"entry-content clearfix\" readability=\"53\"><img decoding=\"async\" class=\"post_layout_5_img\" src=\"http:\/\/aujourdhui.ma\/wp-content\/uploads\/2019\/07\/Amende-Maroc-route-police.jpg?x29840\" alt=\"Surveillance routi\u00e8re dans les zones \u00e0 trafic intense : 139 agents assurent le contr\u00f4le routier \u00e0 travers tout le Maroc\"\/><\/p>\n<p class=\"p1\"><span class=\"c4\"><strong>Ils ne sont que 139 agents \u00e0 assurer le contr\u00f4le routier \u00e0 travers tout le Royaume. Cette lourde t\u00e2che consiste \u00e0 recouvrir les 12 r\u00e9gions du Royaume et environ 40 provinces.<\/strong><\/span><span id=\"more-314920\"\/><\/p>\n<p class=\"p1\">Pour faire face \u00e0 cette p\u00e9nurie, Najib Boulif, secr\u00e9taire d\u2019\u00c9tat charg\u00e9 du transport, avait appel\u00e9 en d\u00e9but juin lors de la journ\u00e9e d\u2019\u00e9tude sur le controle routier organis\u00e9e au profit du corps de contr\u00f4le relevant de la tutelle \u00e0 l\u2019adoption d\u2019une nouvelle approche afin de proc\u00e9der \u00e0 la surveillance routi\u00e8re dans les zones marqu\u00e9es par un trafic intense et un nombre \u00e9lev\u00e9 d\u2019accidents. L\u2019objectif \u00e9tant de renforcer la s\u00e9curit\u00e9 et mettre l\u2019accent sur l\u2019importance du contr\u00f4le routier et son r\u00f4le fondamental dans la pr\u00e9servation de la s\u00e9curit\u00e9 des usagers de la route.<\/p>\n<p class=\"p1\">A cette occasion, il \u00e9tait question de se mobiliser pendant la p\u00e9riode estivale, qui conna\u00eet un trafic intense des voyageurs et des marchandises, tout en appelant \u00e0 un suivi continu et vigilant des contr\u00f4leurs dans l\u2019exercice de leurs fonctions. Ainsi, les mesures et les proc\u00e9dures provisoires pr\u00e9c\u00e9dant la mise en \u0153uvre de la nouvelle strat\u00e9gie de contr\u00f4le routier ont \u00e9t\u00e9 pr\u00e9sent\u00e9es, \u00e0 savoir<span class=\"Apple-converted-space\">\u00a0<\/span> l\u2019affectation de 60% de l\u2019activit\u00e9 au contr\u00f4le des autocars et de 30% au contr\u00f4le des camions de fret, un contr\u00f4le p\u00e9riodique de tous les autocars de transport des voyageurs au moins tous les deux mois et enfin le contr\u00f4le minimum doit \u00eatre de deux v\u00e9hicules et demi par heure.<span class=\"Apple-converted-space\">\u00a0<\/span> La tutelle avait d\u00e9voil\u00e9 dans ce sens que le taux d\u2019infractions au cours de la p\u00e9riode 2016-2018 a \u00e9t\u00e9<span class=\"Apple-converted-space\">\u00a0<\/span> de 43% dont 21% li\u00e9es au non-respect des normes de transport, 18% aux documents de voyage et 18% en relation avec le comportement routier mettant l\u2019accent sur la n\u00e9cessit\u00e9 de renforcer le contr\u00f4le technique des v\u00e9hicules de transport professionnel.<\/p>\n<\/div>\n<p>Auteur: Kawtar Tali &amp; Dounia mounadi<br \/>\n<a href=\"http:\/\/aujourdhui.ma\/societe\/surveillance-routiere-dans-les-zones-a-trafic-intense-139-agents-assurent-le-controle-routier-a-travers-tout-le-maroc\">Cliquez ici pour lire l&rsquo;article depuis sa source.<\/a><\/p>\n","protected":false},"excerpt":{"rendered":"<p>Date\u00a0:juillet 14, 2019 2Vues Ils ne sont que 139 agents \u00e0 assurer le contr\u00f4le routier \u00e0 travers tout le Royaume. Cette lourde t\u00e2che consiste \u00e0 recouvrir les 12 r\u00e9gions du Royaume et environ 40 provinces. Pour faire face \u00e0 cette p\u00e9nurie, Najib Boulif, secr\u00e9taire d\u2019\u00c9tat charg\u00e9 du transport, avait appel\u00e9 en d\u00e9but juin lors de [&hellip;]<\/p>\n","protected":false},"author":1759,"featured_media":0,"comment_status":"closed","ping_status":"closed","sticky":false,"template":"","format":"standard","meta":{"fifu_image_url":"","fifu_image_alt":"","footnotes":""},"categories":[73,54],"tags":[],"class_list":["post-46073","post","type-post","status-publish","format-standard","hentry","category-actualite","category-maroc"],"_links":{"self":[{"href":"https:\/\/linitiative.ca\/International\/wp-json\/wp\/v2\/posts\/46073","targetHints":{"allow":["GET"]}}],"collection":[{"href":"https:\/\/linitiative.ca\/International\/wp-json\/wp\/v2\/posts"}],"about":[{"href":"https:\/\/linitiative.ca\/International\/wp-json\/wp\/v2\/types\/post"}],"author":[{"embeddable":true,"href":"https:\/\/linitiative.ca\/International\/wp-json\/wp\/v2\/users\/1759"}],"replies":[{"embeddable":true,"href":"https:\/\/linitiative.ca\/International\/wp-json\/wp\/v2\/comments?post=46073"}],"version-history":[{"count":0,"href":"https:\/\/linitiative.ca\/International\/wp-json\/wp\/v2\/posts\/46073\/revisions"}],"wp:attachment":[{"href":"https:\/\/linitiative.ca\/International\/wp-json\/wp\/v2\/media?parent=46073"}],"wp:term":[{"taxonomy":"category","embeddable":true,"href":"https:\/\/linitiative.ca\/International\/wp-json\/wp\/v2\/categories?post=46073"},{"taxonomy":"post_tag","embeddable":true,"href":"https:\/\/linitiative.ca\/International\/wp-json\/wp\/v2\/tags?post=46073"}],"curies":[{"name":"wp","href":"https:\/\/api.w.org\/{rel}","templated":true}]}}