{"id":46076,"date":"2019-07-14T04:13:40","date_gmt":"2019-07-14T08:13:40","guid":{"rendered":"https:\/\/linitiative.ca\/International\/securite-routiere-appel-a-la-vigilance\/"},"modified":"2019-07-14T04:13:40","modified_gmt":"2019-07-14T08:13:40","slug":"securite-routiere-appel-a-la-vigilance","status":"publish","type":"post","link":"https:\/\/linitiative.ca\/International\/securite-routiere-appel-a-la-vigilance\/","title":{"rendered":"S\u00e9curit\u00e9 routi\u00e8re : Appel \u00e0 la  vigilance\u00a0!"},"content":{"rendered":"<div>\n<p><img loading=\"lazy\" decoding=\"async\" width=\"300\" height=\"153\" src=\"http:\/\/aujourdhui.ma\/wp-content\/uploads\/2019\/07\/spe%CC%81cial-Se%CC%81curite%CC%81-routie%CC%80re-Appel-a%CC%80-la-vigilance--300x153.jpg?x29840\" class=\"attachment-medium size-medium wp-post-image\" alt=\"\" srcset=\"http:\/\/aujourdhui.ma\/wp-content\/uploads\/2019\/07\/spe\u0301cial-Se\u0301curite\u0301-routie\u0300re-Appel-a\u0300-la-vigilance--300x153.jpg 300w, http:\/\/aujourdhui.ma\/wp-content\/uploads\/2019\/07\/spe\u0301cial-Se\u0301curite\u0301-routie\u0300re-Appel-a\u0300-la-vigilance-.jpg 746w\" sizes=\"auto, (max-width: 300px) 100vw, 300px\"><\/p>\n<div class=\"mom-document \"><iframe loading=\"lazy\" src=\"http:\/\/docs.google.com\/viewer?embedded=true&#038;url=http:\/\/pdf.aujourdhui.ma\/specials\/Securite-routiere-4439.pdf\" width=\"100%\" height=\"800\"><\/iframe><\/div>\n<\/div>\n<p>Auteur: Ouchagour Leila<br \/>\n<a href=\"http:\/\/aujourdhui.ma\/pdf\/securite-routiere-appel-a-la-vigilance\">Cliquez ici pour lire l&rsquo;article depuis sa source.<\/a><\/p>\n","protected":false},"excerpt":{"rendered":"<p>Auteur: Ouchagour Leila Cliquez ici pour lire l&rsquo;article depuis sa source.<\/p>\n","protected":false},"author":1759,"featured_media":0,"comment_status":"closed","ping_status":"closed","sticky":false,"template":"","format":"standard","meta":{"fifu_image_url":"","fifu_image_alt":"","footnotes":""},"categories":[73,54],"tags":[],"class_list":["post-46076","post","type-post","status-publish","format-standard","hentry","category-actualite","category-maroc"],"_links":{"self":[{"href":"https:\/\/linitiative.ca\/International\/wp-json\/wp\/v2\/posts\/46076","targetHints":{"allow":["GET"]}}],"collection":[{"href":"https:\/\/linitiative.ca\/International\/wp-json\/wp\/v2\/posts"}],"about":[{"href":"https:\/\/linitiative.ca\/International\/wp-json\/wp\/v2\/types\/post"}],"author":[{"embeddable":true,"href":"https:\/\/linitiative.ca\/International\/wp-json\/wp\/v2\/users\/1759"}],"replies":[{"embeddable":true,"href":"https:\/\/linitiative.ca\/International\/wp-json\/wp\/v2\/comments?post=46076"}],"version-history":[{"count":0,"href":"https:\/\/linitiative.ca\/International\/wp-json\/wp\/v2\/posts\/46076\/revisions"}],"wp:attachment":[{"href":"https:\/\/linitiative.ca\/International\/wp-json\/wp\/v2\/media?parent=46076"}],"wp:term":[{"taxonomy":"category","embeddable":true,"href":"https:\/\/linitiative.ca\/International\/wp-json\/wp\/v2\/categories?post=46076"},{"taxonomy":"post_tag","embeddable":true,"href":"https:\/\/linitiative.ca\/International\/wp-json\/wp\/v2\/tags?post=46076"}],"curies":[{"name":"wp","href":"https:\/\/api.w.org\/{rel}","templated":true}]}}