{"id":46077,"date":"2019-07-14T05:48:27","date_gmt":"2019-07-14T09:48:27","guid":{"rendered":"https:\/\/linitiative.ca\/International\/positions-et-propositions-nouveau-recueil-dabdeslam-seddiki\/"},"modified":"2019-07-14T05:48:27","modified_gmt":"2019-07-14T09:48:27","slug":"positions-et-propositions-nouveau-recueil-dabdeslam-seddiki","status":"publish","type":"post","link":"https:\/\/linitiative.ca\/International\/positions-et-propositions-nouveau-recueil-dabdeslam-seddiki\/","title":{"rendered":"\u00abPositions et Propositions\u00bb, nouveau recueil d\u2019Abdeslam Seddiki"},"content":{"rendered":"<p class=\"c4\"><strong><span class=\"c3\"><img loading=\"lazy\" decoding=\"async\" class=\" wp-image-80002 alignright\" src=\"http:\/\/albayane.press.ma\/wp-content\/uploads\/positions-et-propositions-bon-214x130.jpg\" alt=\"\" width=\"193\" height=\"117\"\/>\u00ab<span class=\"c2\">P<\/span>ositions et Propositions\u00bb est l\u2019intitul\u00e9 du nouvel ouvrage que vient de publier l\u2019universitaire, parlementaire, militant politique et associatif et ancien ministre de l\u2019Emploi et des affaires sociales, Abdeslam Seddiki, aux \u00e9ditions \u201cDar Al-Qalam\u201d.<\/span><\/strong><\/p>\n<p class=\"c4\">Il s\u2019agit d\u2019un recueil de chroniques quasi hebdomadaires publi\u00e9es sur le journal \u201cAl Bayane\u201d durant la p\u00e9riode de juillet 2017 \u00e0 d\u00e9cembre 2018, que l\u2019auteur a jug\u00e9 utile de mettre \u00e0 la disposition des lecteurs \u201ccompte tenu de leur m\u00e9thodologie d\u2019analyse et du regard prospectif\u201d qu\u2019elles jettent sur le Maroc de demain.<\/p>\n<p class=\"c4\">Ces \u00e9crits sont une s\u00e9rie d\u2019analyse, de critiques et de propositions que A. Seddiki n\u2019h\u00e9site pas \u00e0 exprimer \u201csans langue de bois\u201d. Rejetant tout dogmatisme, il invite ses lecteurs \u00e0 exprimer librement leurs observations et critiques.<\/p>\n<p class=\"c4\">Il a opt\u00e9 pour l\u2019originalit\u00e9 et, sans travestir l\u2019\u00e2me du texte, il affirme que ce recueil est une pens\u00e9e en mouvement o\u00f9 aucune modification n\u2019y est introduite. \u201cJe me suis abstenu, \u00e0 bon escient, d\u2019y introduire le moindre changement ni dans la forme, ni dans le fonds\u201d, affirme-t-il.<\/p>\n<p class=\"c4\">Ces chroniques qui s\u2019\u00e9talent sur une p\u00e9riode de 17 mois, ont \u00e9t\u00e9 regroup\u00e9es par ordre chronologique afin de permettre aux lecteurs de se contextualiser face au r\u00e9cit au moment de l\u2019\u00e9v\u00e9nement en question, a-t-il expliqu\u00e9, notant que ces billets cristallisent les enjeux politiques, \u00e9conomiques et sociaux du Maroc d\u2019aujourd\u2019hui et sont aussi une fen\u00eatre ouverte sur l\u2019avenir de par les propositions qui sont avanc\u00e9es.<\/p>\n<p class=\"c4\">\u00abPositions et Propositions\u00bb est le r\u00e9cit d\u2019un militant qui a cristallis\u00e9 ses convictions sous forme d\u2019id\u00e9es qui riment avec sa vision politique et sociale d\u2019un Maroc inclusif pour tous. C\u2019est une \u0153uvre de c\u0153ur et de raison\u201d, rel\u00e8ve-t-il.<\/p>\n<p class=\"c4\">A travers le titre choisi pour ses chroniques, l\u2019auteur souligne qu\u2019il souhaite exprimer ses convictions et rester fid\u00e8le aux engagements qu\u2019il avait depuis qu\u2019il \u00e9tait \u00e9tudiant.<\/p>\n<p class=\"c4\">\u201cCe sont ces convictions que j\u2019exprime sous forme de positions : convictions autour de valeurs de justice sociale, de partage, de solidarit\u00e9, de patriotisme authentique, de responsabilit\u00e9\u2026\u201d, affirme-t-il dans le prologue de son recueil.<\/p>\n<p class=\"c4\">Les textes qui \u00e9maillent la pr\u00e9sente publication se penchent sur plusieurs domaines, allant de la macro-\u00e9conomie \u00e0 la politique, en passant par la m\u00e9so-\u00e9conomie (analyses sectorielles), le social et des probl\u00e9matiques d\u2019ordre th\u00e9orique.<\/p>\n<p class=\"c4\">Pour Abdeslam Seddiki, cet ouvrage est une forme de partage, \u201cun partage du savoir qui est aussi important que le partage de l\u2019amour\u201d.<\/p>\n<p class=\"c5\"><span class=\"c2\"><strong>Vient de para\u00eetre aux Editions Dar Alqalam<\/strong><\/span><\/p>\n<p class=\"c5\"><span class=\"c2\"><strong>\u00abPositions et Propositions\u00bb de Abdeslam Seddiki<\/strong><\/span><\/p>\n<p class=\"c4\"><strong>Abdeslam Seddiki vient de publier aux \u00e9ditions Dar Alqalam \u00abPositions et Propositions\u00bb, un recueil de chroniques quasi hebdomadaires publi\u00e9es sur le journal Al Bayane durant la p\u00e9riode juillet 2017-d\u00e9cembre 2018. Ces chroniques, que l\u2019auteur a jug\u00e9es\u00a0 utile de mettre \u00e0 la disposition des lecteurs, ont en commun la m\u00e9thodologie d\u2019analyse et le regard prospectif qu\u2019elles jettent sur le Maroc de demain. Elles sont aussi une sorte de t\u00e9moignage enrichi d\u2019une exp\u00e9rience v\u00e9cue sur le terrain puisque l\u2019auteur a occup\u00e9 des fonctions diverses\u00a0: Professeur universitaire depuis 1980, parlementaire, militant politique et associatif et Ministre de l\u2019Emploi et des Affaires Sociales\u00a0 entre 2013 et 2017.<\/strong><\/p>\n<p class=\"c4\"><strong>Cette dialectique entre la th\u00e9orie et la pratique est pr\u00e9sente en permanence dans ses \u00e9crits.\u00a0 Analyser, critiquer et proposer c\u2019est le fil conducteur de toutes les chroniques.\u00a0 L\u2019auteur n\u2019h\u00e9site pas \u00e0 exprimer ses\u00a0 convictions en les assumant. Il le fait sans verser dans le dogmatisme et croit aux vertus de la critique comme il a tenu \u00e0 le pr\u00e9ciser\u00a0: \u00abEn mettant \u00e0 la disposition des\u00a0 lectrices et lecteurs ces chroniques,\u00a0 je demeurerai attentif \u00e0 leurs observations et critiques\u00a0 et j\u2019esp\u00e8re qu\u2019ils seront nombreux\u00a0 \u00e0 le faire\u00bb.<\/strong><\/p>\n<p class=\"c4\"><strong>Rares sont les politiciens marocains, qui ont immortalis\u00e9 leur exp\u00e9rience politique avec des \u00e9crits. Seddiki a opt\u00e9 pour l\u2019originalit\u00e9, sans travestir l\u2019\u00e2me du texte. Aux dires de l\u2019ex-ministre \u00abC\u2019est une pens\u00e9e en mouvement o\u00f9 aucune modification n\u2019y est introduite\u00bb. Pour lui, \u00ab\u00e9crire, c\u2019est exister\u00bb.<\/strong><\/p>\n<p class=\"c4\"><strong>\u00abPositions et Propositions\u00bb est une \u0153uvre \u00a0de c\u0153ur et de raison, celle \u00a0d\u2019un militant qui a cristallis\u00e9 ses convictions sous forme d\u2019id\u00e9es qui riment avec sa vision politique et sociale d\u2019un Maroc inclusif pour tous.<\/strong><\/p>\n<p class=\"c5\"><span class=\"c2\">***<\/span><\/p>\n<p class=\"c5\"><span class=\"c2\"><strong>PROLOGUE<\/strong><\/span><\/p>\n<p class=\"c4\"><strong><span class=\"c6\"><span class=\"c2\"><img loading=\"lazy\" decoding=\"async\" class=\"size-medium wp-image-80000 alignright\" src=\"http:\/\/albayane.press.ma\/wp-content\/uploads\/Der-de-couverture-229x130.jpg\" alt=\"\" width=\"229\" height=\"130\"\/>A<\/span> la demande de plusieurs amis et proches, j\u2019ai d\u00e9cid\u00e9 de r\u00e9unir dans ce pr\u00e9sent ouvrage mes chroniques publi\u00e9es au cours des deux derni\u00e8res ann\u00e9es sous le titre \u00e9vocateur \u00abpositions et propositions\u00bb. Ces chroniques ont \u00e9t\u00e9 publi\u00e9es de fa\u00e7on quasi hebdomadaire et s\u2019\u00e9talent sur la p\u00e9riode juillet 2017 \u2013 d\u00e9cembre 2018.<\/span><\/strong><\/p>\n<p class=\"c4\">Elles ont \u00e9t\u00e9 regroup\u00e9es par ordre chronologique pour une raison simple\u00a0: permettre aux lecteurs de les situer dans leur contexte du moment et ainsi \u00eatre lues et appr\u00e9ci\u00e9es comme telles.<\/p>\n<p class=\"c4\">Ces billets cristallisent les enjeux politiques, \u00e9conomiques et sociaux du Maroc d\u2019aujourd\u2019hui, et sont aussi par les propositions qui sont avanc\u00e9es, une fen\u00eatre ouverte sur l\u2019avenir.<\/p>\n<p class=\"c4\">D\u2019ailleurs, je me suis abstenu, \u00e0 bon escient, d\u2019y introduire le moindre changement ni dans la forme, ni dans le fonds. Elles sont dat\u00e9es et elles doivent le rester. C\u2019est une pens\u00e9e en mouvement!<\/p>\n<p class=\"c4\">Auparavant, j\u2019ai eu l\u2019honneur d\u2018occuper une haute fonction publique en tant que Ministre charg\u00e9 de l\u2019Emploi et des Affaires Sociales pendant une p\u00e9riode de trois ans et demi (octobre 2013 \u2013 avril 2017).<\/p>\n<p class=\"c4\">L\u2019exercice d\u2019une telle fonction, prenante et exaltante, me laissait peu de temps pour l\u2019\u00e9criture \u00e0 l\u2019exception de mes interventions publiques sous forme de conf\u00e9rences ou d\u2019interviews accord\u00e9s aux diff\u00e9rents m\u00e9dias et qui portaient essentiellement sur les domaines dont j\u2019ai eu la charge.<\/p>\n<p class=\"c4\">D\u2019aucuns me reprochaient \u00e0 la suite de la publication de certaines chroniques sur ma page Facebook, un changement de position par rapport \u00e0 la p\u00e9riode durant laquelle je faisais partie de l\u2019\u00e9quipe gouvernementale. Je leur r\u00e9pondais que chaque fonction a ses exigences et ses codes sociaux.<\/p>\n<p class=\"c4\">D\u2019ailleurs, je n\u2019ai jamais mis en veilleuse ou occult\u00e9 mes convictions pour me dissoudre dans le moule gouvernemental et faire mienne cette fameuse expression \u00abse soumettre ou se d\u00e9mettre\u00bb.<\/p>\n<p class=\"c4\">Mais je tenais \u00e0 le faire dans les r\u00e8gles de l\u2019art et dans le respect des proc\u00e9dures. On peut militer et servir son pays de diff\u00e9rentes mani\u00e8res.<\/p>\n<p class=\"c4\">A travers le titre donn\u00e9 \u00e0 ces chroniques, \u00abpositions et propositions\u00bb, je voudrais exprimer mes convictions et rester fid\u00e8le aux engagements pris alors que j\u2019\u00e9tais encore \u00e9tudiant il y a de cela pr\u00e8s d\u2019un demi-si\u00e8cle.<\/p>\n<p class=\"c4\">Ce sont ces convictions que j\u2019exprime sous forme de positions\u00a0: convictions autour de valeurs de justice sociale, de partage, de solidarit\u00e9, de patriotisme authentique, de responsabilit\u00e9\u2026 Ces convictions sont acquises dans la vie et forg\u00e9es dans l\u2019exp\u00e9rience individuelle et collective.<\/p>\n<p class=\"c4\">Aussi, l\u2019\u00e9cole politique et philosophique \u00e0 laquelle j\u2019appartiens m\u2019a appris que seule la critique constructive est cr\u00e9dible. D\u2019o\u00f9 mon souci de faire apr\u00e8s analyse et critique, des propositions de solutions soumises n\u00e9cessairement au d\u00e9bat. Cette d\u00e9marche \u00e0 la fois empirique et analytique est celle qu\u2019on devrait inculquer \u00e0 notre jeunesse. Une d\u00e9marche de rigueur scientifique, d\u2019exigence m\u00e9thodologique. Bref, de responsabilit\u00e9.<\/p>\n<p class=\"c4\">Les textes qui \u00e9maillent la pr\u00e9sente publication portent sur des questions diverses. Elles vont de la macro-\u00e9conomie au politique en passant par la m\u00e9so-\u00e9conomie (analyses sectorielles), le social et n\u00e9cessairement des probl\u00e9matiques th\u00e9oriques.\u00a0 Il y a lieu toutefois de pr\u00e9ciser que ces domaines de connaissance rel\u00e8vent tous des sciences sociales qui peut \u00eatre consid\u00e9r\u00e9e comme \u00abla m\u00e8re des sciences\u00bb eu \u00e9gard \u00e0 l\u2019interaction, \u00e0 l\u2019interd\u00e9pendance entre l\u2019\u00e9conomique, le politique, le social et le culturel\u2026<\/p>\n<p class=\"c4\">En outre, cette exigence m\u00e9thodologique qui se retrouvait d\u00e9j\u00e0 chez Ibn Khaldoun (XIV\u00e8me si\u00e8cle) a \u00e9t\u00e9 reprise par les fondateurs de l\u2019\u00e9conomie politique au XIX\u00e8me si\u00e8cle puis par les courants marxiste et keyn\u00e9sien.<\/p>\n<p class=\"c4\">En mettant \u00e0 la disposition des lectrices et lecteurs ces chroniques, je demeurerai attentif \u00e0 leurs observations et critiques et j\u2019esp\u00e8re qu\u2019ils seront nombreux \u00e0 le faire. Ecrire, c\u2019est exister. C\u2019est aussi une forme de partage. Un partage du savoir qui est aussi important que le partage de l\u2019amour.<\/p>\n<p>Auteur: rahal mehamed<br \/>\n<a href=\"http:\/\/albayane.press.ma\/positions-et-propositions-nouveau-recueil-dabdeslam-seddiki.html\">Cliquez ici pour lire l&rsquo;article depuis sa source.<\/a><\/p>\n","protected":false},"excerpt":{"rendered":"<p>\u00abPositions et Propositions\u00bb est l\u2019intitul\u00e9 du nouvel ouvrage que vient de publier l\u2019universitaire, parlementaire, militant politique et associatif et ancien ministre de l\u2019Emploi et des affaires sociales, Abdeslam Seddiki, aux \u00e9ditions \u201cDar Al-Qalam\u201d. Il s\u2019agit d\u2019un recueil de chroniques quasi hebdomadaires publi\u00e9es sur le journal \u201cAl Bayane\u201d durant la p\u00e9riode de juillet 2017 \u00e0 d\u00e9cembre [&hellip;]<\/p>\n","protected":false},"author":1760,"featured_media":46078,"comment_status":"closed","ping_status":"closed","sticky":false,"template":"","format":"standard","meta":{"fifu_image_url":"","fifu_image_alt":"","footnotes":""},"categories":[73,54],"tags":[],"class_list":["post-46077","post","type-post","status-publish","format-standard","has-post-thumbnail","hentry","category-actualite","category-maroc"],"_links":{"self":[{"href":"https:\/\/linitiative.ca\/International\/wp-json\/wp\/v2\/posts\/46077","targetHints":{"allow":["GET"]}}],"collection":[{"href":"https:\/\/linitiative.ca\/International\/wp-json\/wp\/v2\/posts"}],"about":[{"href":"https:\/\/linitiative.ca\/International\/wp-json\/wp\/v2\/types\/post"}],"author":[{"embeddable":true,"href":"https:\/\/linitiative.ca\/International\/wp-json\/wp\/v2\/users\/1760"}],"replies":[{"embeddable":true,"href":"https:\/\/linitiative.ca\/International\/wp-json\/wp\/v2\/comments?post=46077"}],"version-history":[{"count":0,"href":"https:\/\/linitiative.ca\/International\/wp-json\/wp\/v2\/posts\/46077\/revisions"}],"wp:featuredmedia":[{"embeddable":true,"href":"https:\/\/linitiative.ca\/International\/wp-json\/"}],"wp:attachment":[{"href":"https:\/\/linitiative.ca\/International\/wp-json\/wp\/v2\/media?parent=46077"}],"wp:term":[{"taxonomy":"category","embeddable":true,"href":"https:\/\/linitiative.ca\/International\/wp-json\/wp\/v2\/categories?post=46077"},{"taxonomy":"post_tag","embeddable":true,"href":"https:\/\/linitiative.ca\/International\/wp-json\/wp\/v2\/tags?post=46077"}],"curies":[{"name":"wp","href":"https:\/\/api.w.org\/{rel}","templated":true}]}}