{"id":46081,"date":"2019-07-14T06:38:21","date_gmt":"2019-07-14T10:38:21","guid":{"rendered":"https:\/\/linitiative.ca\/International\/les-fennecs-prennent-leur-envol\/"},"modified":"2019-07-14T06:38:21","modified_gmt":"2019-07-14T10:38:21","slug":"les-fennecs-prennent-leur-envol","status":"publish","type":"post","link":"https:\/\/linitiative.ca\/International\/les-fennecs-prennent-leur-envol\/","title":{"rendered":"Les Fennecs prennent leur envol"},"content":{"rendered":"<p class=\"c4\"><strong><span class=\"c3\"><span class=\"c2\">L\u2019<\/span>Alg\u00e9rie a pris son envol pour les demi-finales en \u00e9liminant la C\u00f4te d\u2019Ivoire en quart de finales \u00e0 l\u2019issue de la s\u00e9ance de tirs au but (1-1, 4-3).<\/span><\/strong><\/p>\n<p class=\"c4\">C\u2019est le 11 juillet 2019 que l\u2019Alg\u00e9rie et la C\u00f4te d\u2019Ivoire se sont affront\u00e9es pour les quarts de finale de la Coupe d\u2019 Afrique des Nations 2019. Cette rencontre \u00a0a \u00a0marqu\u00e9 les esprits des supporters et t\u00e9l\u00e9spectateurs. Les deux \u00e9quipes ont \u00e9t\u00e9 \u00e0 la hauteur des attentes durant cette phase importante du tournoi.<\/p>\n<p class=\"c4\">\u00a0L\u2019Alg\u00e9rie a ouvert les hostilit\u00e9s en premi\u00e8re mi-temps par une action offensive virulente, \u00a0gr\u00e2ce \u00e0 \u00a0Sofiane Feghouli, \u00a0\u00e0 la 2oe minute \u00a0de jeu. Ce qui a permis\u00a0 \u00e0 l\u2019Alg\u00e9rie \u00a0de multiplier les actions offensives durant la premi\u00e8re mi-temps.<\/p>\n<p class=\"c4\">De retour des vestiaires, apr\u00e8s quelques minutes de jeu, les El\u00e9phants de C\u00f4te d\u2019Ivoire sont mont\u00e9s au cr\u00e9neau, multipliant \u00e9galement \u00a0des actions fortes \u00e0 l\u2019endroit des Alg\u00e9riens. Lesquelles ont fini par donner raison aux El\u00e9phants, dans la mesure o\u00f9 ils ont pu \u00a0ramener le score \u00e0 \u00e9galit\u00e9. L\u2019auteur de l\u2019\u00e9galisation est Jonathan Kodjia \u00e0 la 62<sup>e<\/sup> \u00a0minute de jeu.<\/p>\n<p class=\"c4\">Malgr\u00e9 le fait que les deux \u00e9quipes ont donn\u00e9 tout ce qu\u2019elles avaient pendant la rencontre, elles ne sont pas parvenues \u00e0 faire changer le cours de l\u2019histoire. L\u2019on pensait que les prolongations d\u00e9partageraient le vainqueur, mais malheureusement \u00a0\u00e7a n\u2019a pas \u00e9t\u00e9 le cas. Au terme du match, le score est rest\u00e9 le m\u00eame et seule la voix des tirs au but \u00a0a d\u00e9termin\u00e9 le vainqueur du vaincu.<\/p>\n<p class=\"c4\">C\u2019est donc sur un score de 4-3, que les Fennecs alg\u00e9riens se sont impos\u00e9s face aux El\u00e9phants ivoiriens. Les auteurs des buts ne sont d\u2019autres que\u00a0 R. Bensebaini, Roger\u00a0 Assal\u00e9,\u00a0 Andy Delort \u2018\u2019Islam Slimani \u00a0et Adam Ounas. Du c\u00f4t\u00e9 ivoiriens, F. Kessi\u00e9, Maxwell Cornet et M. Gradel.<\/p>\n<p class=\"c4\">L \u2019Alg\u00e9rie\u00a0 a ainsi obtenu\u00a0 son billet d\u2019avion pour les demi-finales et affrontera le Nigeria. Quid des deux \u00e9quipes franchira le dernier palier de la Coupe d\u2019Afrique des Nations 2019\u00a0? \u00a0L\u2019avenir nous en dira davantage.<\/p>\n<p class=\"c5\"><strong>Romuald Djabioh<\/strong><\/p>\n<p>Auteur: rahal mehamed<br \/>\n<a href=\"http:\/\/albayane.press.ma\/les-fennecs-prennent-leur-envol.html\">Cliquez ici pour lire l&rsquo;article depuis sa source.<\/a><\/p>\n","protected":false},"excerpt":{"rendered":"<p>L\u2019Alg\u00e9rie a pris son envol pour les demi-finales en \u00e9liminant la C\u00f4te d\u2019Ivoire en quart de finales \u00e0 l\u2019issue de la s\u00e9ance de tirs au but (1-1, 4-3). C\u2019est le 11 juillet 2019 que l\u2019Alg\u00e9rie et la C\u00f4te d\u2019Ivoire se sont affront\u00e9es pour les quarts de finale de la Coupe d\u2019 Afrique des Nations 2019. [&hellip;]<\/p>\n","protected":false},"author":1760,"featured_media":0,"comment_status":"closed","ping_status":"closed","sticky":false,"template":"","format":"standard","meta":{"fifu_image_url":"","fifu_image_alt":"","footnotes":""},"categories":[73,54],"tags":[],"class_list":["post-46081","post","type-post","status-publish","format-standard","hentry","category-actualite","category-maroc"],"_links":{"self":[{"href":"https:\/\/linitiative.ca\/International\/wp-json\/wp\/v2\/posts\/46081","targetHints":{"allow":["GET"]}}],"collection":[{"href":"https:\/\/linitiative.ca\/International\/wp-json\/wp\/v2\/posts"}],"about":[{"href":"https:\/\/linitiative.ca\/International\/wp-json\/wp\/v2\/types\/post"}],"author":[{"embeddable":true,"href":"https:\/\/linitiative.ca\/International\/wp-json\/wp\/v2\/users\/1760"}],"replies":[{"embeddable":true,"href":"https:\/\/linitiative.ca\/International\/wp-json\/wp\/v2\/comments?post=46081"}],"version-history":[{"count":0,"href":"https:\/\/linitiative.ca\/International\/wp-json\/wp\/v2\/posts\/46081\/revisions"}],"wp:attachment":[{"href":"https:\/\/linitiative.ca\/International\/wp-json\/wp\/v2\/media?parent=46081"}],"wp:term":[{"taxonomy":"category","embeddable":true,"href":"https:\/\/linitiative.ca\/International\/wp-json\/wp\/v2\/categories?post=46081"},{"taxonomy":"post_tag","embeddable":true,"href":"https:\/\/linitiative.ca\/International\/wp-json\/wp\/v2\/tags?post=46081"}],"curies":[{"name":"wp","href":"https:\/\/api.w.org\/{rel}","templated":true}]}}