{"id":46082,"date":"2019-07-14T06:55:28","date_gmt":"2019-07-14T10:55:28","guid":{"rendered":"https:\/\/linitiative.ca\/International\/yahya-boudlal-le-fils-prodigue-du-theatre-national-nest-plus\/"},"modified":"2019-07-14T06:55:28","modified_gmt":"2019-07-14T10:55:28","slug":"yahya-boudlal-le-fils-prodigue-du-theatre-national-nest-plus","status":"publish","type":"post","link":"https:\/\/linitiative.ca\/International\/yahya-boudlal-le-fils-prodigue-du-theatre-national-nest-plus\/","title":{"rendered":"Yahya Boudlal: le fils prodigue du th\u00e9\u00e2tre national n\u2019est plus"},"content":{"rendered":"<p class=\"c4\"><span class=\"c3\"><strong><span class=\"c2\">L<\/span>e th\u00e9\u00e2tre national est en deuil. Le r\u00e9alisateur, artiste, homme de th\u00e9\u00e2tre et militant, Yahya Boudlal a rendu l\u2019\u00e2me jeudi 11 juillet \u00e0 l\u2019\u00e2ge de 69 ans.<\/strong><\/span><\/p>\n<p class=\"c4\">Une perte immense et\u00a0 une triste nouvelle pour le paysage artistique et th\u00e9\u00e2tral national\u00a0 avec la perte de l\u2019une de ses figures embl\u00e9matiques. C\u2019est dans la r\u00e9gion de l\u2019Oriental, que l\u2019artiste avait aim\u00e9 et v\u00e9n\u00e9r\u00e9 durant son vivant, que l\u2019\u00e9toile\u00a0 du d\u00e9funt a brill\u00e9 de mille feux.\u00a0 Toujours pr\u00e9sent sur devant de la sc\u00e8ne, jusqu\u2019au dernier souffle, \u00a0le r\u00e9alisateur \u00e9tait\u00a0 l\u2019un des fondeurs de la fameuse troupe du \u00abth\u00e9\u00e2tre ouvrier\u00bb \u00e0 la ville Oujda.<\/p>\n<p class=\"c4\">La\u00a0 troupe\u00a0 a \u00e9t\u00e9 connue comme une des grandes \u00e9coles du th\u00e9\u00e2tre sur la sc\u00e8ne\u00a0 nationale. Par ailleurs, cette aventure dans laquelle le d\u00e9funt avait particip\u00e9 a franchi les fronti\u00e8res g\u00e9ographiques nationales pour embrasser d\u2019autres cieux et rafler plusieurs prix notamment dans les pays arabes. En outre, \u00a0aux c\u00f4t\u00e9s de son ami artiste et coll\u00e8gue, Mohamed Meskine, \u00a0la troupe a connu son essor et son triomphe dans les ann\u00e9es 70 du si\u00e8cle dernier, et qui a donn\u00e9 naissance \u00e0\u00a0 d\u2019autres troupes th\u00e9\u00e2trales meublant \u00a0le champ\u00a0 artistique national.<\/p>\n<p class=\"c4\">Elles sont nombreuses les pi\u00e8ces de th\u00e9\u00e2tre qui\u00a0 ont\u00a0 \u00e9t\u00e9 r\u00e9alis\u00e9es par le regrett\u00e9 dont entre autres \u00able Royaume des po\u00e8tes\u00bb, \u00able festival des fous\u00bb, \u00abla patience d\u2019Ayoub\u00bb. \u00c0 vrai dire, par le bais du\u00a0 th\u00e9\u00e2tre et \u00e0 travers les planches, Yahya Boudlal transmettait ses lettres de noblesses\u00a0 et sa vision du monde.<\/p>\n<p class=\"c4\">Ses travaux th\u00e9\u00e2traux\u00a0 sont connus par la profondeur philosophique et la sensibilit\u00e9 artistique s\u2019adressant \u00e0 l\u2019\u00e2me et la raison humaine.\u00a0 L\u2019homme avait cette finesse, ce don artistique de faire bouger toutes les sensations\u00a0 \u00e0 la fois latentes et patentes. Artiste dou\u00e9, le c\u00f4t\u00e9 visuel, pour ne pas oublier, \u00e9tait pr\u00e9sent dans ses pi\u00e8ces.<\/p>\n<p class=\"c4\">Car il avait\u00a0 cette sensibilit\u00e9 \u00e0 l\u2019image artistique et \u00e0 la gestuelle\u00a0 po\u00e9tique sur sc\u00e8ne qui donne \u00e0 voir des spectacles regorgeant de signes et de significations et porteurs d\u2019un message th\u00e9\u00e2trale humain et universel.\u00a0 Avec son d\u00e9part d\u00e9finitif, la sc\u00e8ne artistique et culturelle perd\u00a0 un de ses piliers et\u00a0 de ses fils prodigues.<\/p>\n<p class=\"c5\"><strong>Mohamed\u00a0Nait Youssef<\/strong><\/p>\n<p>Auteur: rahal mehamed<br \/>\n<a href=\"http:\/\/albayane.press.ma\/yahya-boudlal-le-fils-prodigue-du-theatre-national-nest-plus.html\">Cliquez ici pour lire l&rsquo;article depuis sa source.<\/a><\/p>\n","protected":false},"excerpt":{"rendered":"<p>Le th\u00e9\u00e2tre national est en deuil. Le r\u00e9alisateur, artiste, homme de th\u00e9\u00e2tre et militant, Yahya Boudlal a rendu l\u2019\u00e2me jeudi 11 juillet \u00e0 l\u2019\u00e2ge de 69 ans. Une perte immense et\u00a0 une triste nouvelle pour le paysage artistique et th\u00e9\u00e2tral national\u00a0 avec la perte de l\u2019une de ses figures embl\u00e9matiques. C\u2019est dans la r\u00e9gion de [&hellip;]<\/p>\n","protected":false},"author":1760,"featured_media":0,"comment_status":"closed","ping_status":"closed","sticky":false,"template":"","format":"standard","meta":{"fifu_image_url":"","fifu_image_alt":"","footnotes":""},"categories":[73,54],"tags":[],"class_list":["post-46082","post","type-post","status-publish","format-standard","hentry","category-actualite","category-maroc"],"_links":{"self":[{"href":"https:\/\/linitiative.ca\/International\/wp-json\/wp\/v2\/posts\/46082","targetHints":{"allow":["GET"]}}],"collection":[{"href":"https:\/\/linitiative.ca\/International\/wp-json\/wp\/v2\/posts"}],"about":[{"href":"https:\/\/linitiative.ca\/International\/wp-json\/wp\/v2\/types\/post"}],"author":[{"embeddable":true,"href":"https:\/\/linitiative.ca\/International\/wp-json\/wp\/v2\/users\/1760"}],"replies":[{"embeddable":true,"href":"https:\/\/linitiative.ca\/International\/wp-json\/wp\/v2\/comments?post=46082"}],"version-history":[{"count":0,"href":"https:\/\/linitiative.ca\/International\/wp-json\/wp\/v2\/posts\/46082\/revisions"}],"wp:attachment":[{"href":"https:\/\/linitiative.ca\/International\/wp-json\/wp\/v2\/media?parent=46082"}],"wp:term":[{"taxonomy":"category","embeddable":true,"href":"https:\/\/linitiative.ca\/International\/wp-json\/wp\/v2\/categories?post=46082"},{"taxonomy":"post_tag","embeddable":true,"href":"https:\/\/linitiative.ca\/International\/wp-json\/wp\/v2\/tags?post=46082"}],"curies":[{"name":"wp","href":"https:\/\/api.w.org\/{rel}","templated":true}]}}