{"id":46086,"date":"2019-07-13T15:00:07","date_gmt":"2019-07-13T19:00:07","guid":{"rendered":"https:\/\/linitiative.ca\/International\/presidence-de-la-cour-dappel-de-tunis-rafia-naouar-candidate-du-csm\/"},"modified":"2019-07-13T15:00:07","modified_gmt":"2019-07-13T19:00:07","slug":"presidence-de-la-cour-dappel-de-tunis-rafia-naouar-candidate-du-csm","status":"publish","type":"post","link":"https:\/\/linitiative.ca\/International\/presidence-de-la-cour-dappel-de-tunis-rafia-naouar-candidate-du-csm\/","title":{"rendered":"Pr\u00e9sidence de la Cour d\u2019appel de Tunis : Rafia Naouar, candidate du CSM"},"content":{"rendered":"<p>Le Conseil Sup\u00e9rieur de la Magistrature (CSM) a d\u00e9cid\u00e9 vendredi de pr\u00e9senter la candidature du juge Rafia Naouar au poste de pr\u00e9sident de la Cour d\u2019appel de Tunis et de la soumettre \u00e0 l\u2019approbation du Pr\u00e9sidence de la R\u00e9publique, selon un communiqu\u00e9 du Conseil.<\/p>\n<p>Le Conseil avait d\u00e9cid\u00e9 lors de l\u2019assembl\u00e9e g\u00e9n\u00e9rale du 3 juillet 2019 de choisir la juge Rafia Naouar au poste de premier pr\u00e9sident de la Cour d\u2019appel de Tunis et de pr\u00e9senter sa candidature \u00e0 l\u2019assembl\u00e9e g\u00e9n\u00e9rale du Conseil sup\u00e9rieur de la magistrature afin d\u2019envisager de soumettre une candidature exclusive \u00e0 la Pr\u00e9sidence de la R\u00e9publique.<\/p>\n<p>Le poste de premier pr\u00e9sident de la Cour d\u2019appel de Tunis qualifie ce juge \u00e0 \u00eatre membre de l\u2019ordre judiciaire et du Conseil Sup\u00e9rieur de la Magistrature, rappelle-t-on.<\/p>\n<p class=\"dpsp-share-text\">Partager c&rsquo;est aimer!<\/p>\n<div class=\"wp-post-author-wrap wp-post-author-shortcode left\">\n<h3 class=\"awpa-title\"\/>\n<div class=\"wp-post-author\">\n<div class=\"awpa-img awpa-author-block square\"><a href=\"http:\/\/lexpertjournal.net\/fr\/author\/expert\/\"><img loading=\"lazy\" decoding=\"async\" alt=\"\" src=\"http:\/\/2.gravatar.com\/avatar\/56d99be2a6f97af88ccb49fada637fcd?s=150&#038;d=mm&#038;r=g\" srcset=\"http:\/\/2.gravatar.com\/avatar\/56d99be2a6f97af88ccb49fada637fcd?s=300&#038;d=mm&#038;r=g 2x\" class=\"avatar avatar-150 photo\" height=\"150\" width=\"150\"\/><\/a><\/div>\n<\/div>\n<\/div>\n<p>Auteur: L&rsquo;expert<br \/>\n<a href=\"http:\/\/lexpertjournal.net\/fr\/2019\/07\/13\/presidence-de-la-cour-dappel-de-tunis-rafia-naouar-candidate-du-csm\/\">Cliquez ici pour lire l&rsquo;article depuis sa source.<\/a><\/p>\n","protected":false},"excerpt":{"rendered":"<p>Le Conseil Sup\u00e9rieur de la Magistrature (CSM) a d\u00e9cid\u00e9 vendredi de pr\u00e9senter la candidature du juge Rafia Naouar au poste de pr\u00e9sident de la Cour d\u2019appel de Tunis et de la soumettre \u00e0 l\u2019approbation du Pr\u00e9sidence de la R\u00e9publique, selon un communiqu\u00e9 du Conseil. Le Conseil avait d\u00e9cid\u00e9 lors de l\u2019assembl\u00e9e g\u00e9n\u00e9rale du 3 juillet [&hellip;]<\/p>\n","protected":false},"author":1775,"featured_media":0,"comment_status":"closed","ping_status":"closed","sticky":false,"template":"","format":"standard","meta":{"fifu_image_url":"","fifu_image_alt":"","footnotes":""},"categories":[78,55],"tags":[],"class_list":["post-46086","post","type-post","status-publish","format-standard","hentry","category-economie","category-tunisie"],"_links":{"self":[{"href":"https:\/\/linitiative.ca\/International\/wp-json\/wp\/v2\/posts\/46086","targetHints":{"allow":["GET"]}}],"collection":[{"href":"https:\/\/linitiative.ca\/International\/wp-json\/wp\/v2\/posts"}],"about":[{"href":"https:\/\/linitiative.ca\/International\/wp-json\/wp\/v2\/types\/post"}],"author":[{"embeddable":true,"href":"https:\/\/linitiative.ca\/International\/wp-json\/wp\/v2\/users\/1775"}],"replies":[{"embeddable":true,"href":"https:\/\/linitiative.ca\/International\/wp-json\/wp\/v2\/comments?post=46086"}],"version-history":[{"count":0,"href":"https:\/\/linitiative.ca\/International\/wp-json\/wp\/v2\/posts\/46086\/revisions"}],"wp:attachment":[{"href":"https:\/\/linitiative.ca\/International\/wp-json\/wp\/v2\/media?parent=46086"}],"wp:term":[{"taxonomy":"category","embeddable":true,"href":"https:\/\/linitiative.ca\/International\/wp-json\/wp\/v2\/categories?post=46086"},{"taxonomy":"post_tag","embeddable":true,"href":"https:\/\/linitiative.ca\/International\/wp-json\/wp\/v2\/tags?post=46086"}],"curies":[{"name":"wp","href":"https:\/\/api.w.org\/{rel}","templated":true}]}}