{"id":46088,"date":"2019-07-13T15:14:00","date_gmt":"2019-07-13T19:14:00","guid":{"rendered":"https:\/\/linitiative.ca\/International\/les-difficultes-financieres-saggravent-les-caisses-sociales-de-mal-en-pis\/"},"modified":"2019-07-13T15:14:00","modified_gmt":"2019-07-13T19:14:00","slug":"les-difficultes-financieres-saggravent-les-caisses-sociales-de-mal-en-pis","status":"publish","type":"post","link":"https:\/\/linitiative.ca\/International\/les-difficultes-financieres-saggravent-les-caisses-sociales-de-mal-en-pis\/","title":{"rendered":"Les difficult\u00e9s financi\u00e8res s\u2019aggravent : Les caisses sociales de mal en pis ?"},"content":{"rendered":"<p>Une \u00e9tude publi\u00e9e par l\u2019Institut tunisien des \u00e9tudes strat\u00e9giques (ITES) dans le cadre du code des grandes r\u00e9formes strat\u00e9giques, indique que les choix socio-\u00e9conomiques actuels pourraient aggraver les difficult\u00e9s financi\u00e8res des caisses sociales en Tunisie.<\/p>\n<div>Cette \u00e9tude, r\u00e9alis\u00e9e par l\u2019ex-secr\u00e9taire g\u00e9n\u00e9ral adjoint de l\u2019Union g\u00e9n\u00e9rale tunisienne du travail (UGTT), Ridha Bouziriba, et pr\u00e9sent\u00e9e lors d\u2019une conf\u00e9rence organis\u00e9e par l\u2019ITES, signale que le d\u00e9s\u00e9quilibre financier du syst\u00e8me de s\u00e9curit\u00e9 social est d\u00fb essentiellement aux r\u00e9percussions des choix \u00e9conomiques et lib\u00e9raux, le recul flagrant de la capacit\u00e9 de l\u2019\u00e9conomie nationale \u00e0 cr\u00e9er des emplois ainsi que l\u2019augmentation du nombre des retrait\u00e9s b\u00e9n\u00e9ficiant d\u2019une pension, contre l\u2019enregistrement d\u2019une l\u00e9g\u00e8re hausse au niveau du nombre des personnes actives.L\u2019\u00e9tude a aussi montr\u00e9 que l\u2019augmentation de l\u2019esp\u00e9rance de vie \u00e0 la naissance (actuellement 73 ans contre 49 ans \u00e0 l\u2019aube de l\u2019ind\u00e9pendance) ainsi que l\u2019\u00e9volution du taux de la couverture sociale (89% en 2005) a fait assumer aux caisses sociales de nouvelles t\u00e2ches qui s\u2019inscrivent dans le cadre de la solidarit\u00e9 sociale au profit de cat\u00e9gories de personnes aux besoins sp\u00e9cifiques.A cet effet, l\u2019\u00e9tude recommande aux caisses sociales, qui s\u2019appuient sur les traditionnelles contributions des salari\u00e9s et des bailleurs, de diversifier leurs sources de financement en vue de garantir l\u2019\u00e9quilibre social.L\u2019\u00e9tude estime que le choix d\u2019un r\u00e9gime de solidarit\u00e9 dans le syst\u00e8me de la s\u00e9curit\u00e9 sociale est un choix positif alors que l\u2019insertion des r\u00e9gimes des non r\u00e9mun\u00e9r\u00e9s, dont les travailleurs ind\u00e9pendants dans le secteur agricole et dans d\u2019autres secteur et la cat\u00e9gorie des faibles revenus, risque d\u2019augmenter les difficult\u00e9s financi\u00e8res.Elle rappelle \u00e0 cet \u00e9gard que le r\u00e9gime de la s\u00e9curit\u00e9 sociale des travailleurs ind\u00e9pendants dans le secteur agricole accuse un d\u00e9ficit persistant depuis sa cr\u00e9ation en 1982.Selon cette \u00e9tude, l\u2019Etat doit assumer toutes les r\u00e9percussions de sa politique \u00e9conomique sur les caisses sociales. Elle recommande \u00e0 cet \u00e9gard que l\u2019Etat doit assurer l\u2019\u00e9quilibre financier de tous les r\u00e9gimes de s\u00e9curit\u00e9 sociale, notamment par la mobilisation de ressources g\u00e9n\u00e9r\u00e9es par une d\u00e9duction d\u2019un pourcentage des b\u00e9n\u00e9fices du march\u00e9 financier.<\/div>\n<p class=\"dpsp-share-text\">Partager c&rsquo;est aimer!<\/p>\n<div class=\"wp-post-author-wrap wp-post-author-shortcode left\">\n<h3 class=\"awpa-title\"\/>\n<div class=\"wp-post-author\">\n<div class=\"awpa-img awpa-author-block square\"><a href=\"http:\/\/lexpertjournal.net\/fr\/author\/expert\/\"><img loading=\"lazy\" decoding=\"async\" alt=\"\" src=\"http:\/\/2.gravatar.com\/avatar\/56d99be2a6f97af88ccb49fada637fcd?s=150&#038;d=mm&#038;r=g\" srcset=\"http:\/\/2.gravatar.com\/avatar\/56d99be2a6f97af88ccb49fada637fcd?s=300&#038;d=mm&#038;r=g 2x\" class=\"avatar avatar-150 photo\" height=\"150\" width=\"150\"\/><\/a><\/div>\n<\/div>\n<\/div>\n<p>Auteur: L&rsquo;expert<br \/>\n<a href=\"http:\/\/lexpertjournal.net\/fr\/2019\/07\/13\/les-difficultes-financieres-saggravent-les-caisses-sociales-de-mal-en-pis\/\">Cliquez ici pour lire l&rsquo;article depuis sa source.<\/a><\/p>\n","protected":false},"excerpt":{"rendered":"<p>Une \u00e9tude publi\u00e9e par l\u2019Institut tunisien des \u00e9tudes strat\u00e9giques (ITES) dans le cadre du code des grandes r\u00e9formes strat\u00e9giques, indique que les choix socio-\u00e9conomiques actuels pourraient aggraver les difficult\u00e9s financi\u00e8res des caisses sociales en Tunisie. Cette \u00e9tude, r\u00e9alis\u00e9e par l\u2019ex-secr\u00e9taire g\u00e9n\u00e9ral adjoint de l\u2019Union g\u00e9n\u00e9rale tunisienne du travail (UGTT), Ridha Bouziriba, et pr\u00e9sent\u00e9e lors d\u2019une [&hellip;]<\/p>\n","protected":false},"author":1775,"featured_media":0,"comment_status":"closed","ping_status":"closed","sticky":false,"template":"","format":"standard","meta":{"fifu_image_url":"","fifu_image_alt":"","footnotes":""},"categories":[78,55],"tags":[],"class_list":["post-46088","post","type-post","status-publish","format-standard","hentry","category-economie","category-tunisie"],"_links":{"self":[{"href":"https:\/\/linitiative.ca\/International\/wp-json\/wp\/v2\/posts\/46088","targetHints":{"allow":["GET"]}}],"collection":[{"href":"https:\/\/linitiative.ca\/International\/wp-json\/wp\/v2\/posts"}],"about":[{"href":"https:\/\/linitiative.ca\/International\/wp-json\/wp\/v2\/types\/post"}],"author":[{"embeddable":true,"href":"https:\/\/linitiative.ca\/International\/wp-json\/wp\/v2\/users\/1775"}],"replies":[{"embeddable":true,"href":"https:\/\/linitiative.ca\/International\/wp-json\/wp\/v2\/comments?post=46088"}],"version-history":[{"count":0,"href":"https:\/\/linitiative.ca\/International\/wp-json\/wp\/v2\/posts\/46088\/revisions"}],"wp:attachment":[{"href":"https:\/\/linitiative.ca\/International\/wp-json\/wp\/v2\/media?parent=46088"}],"wp:term":[{"taxonomy":"category","embeddable":true,"href":"https:\/\/linitiative.ca\/International\/wp-json\/wp\/v2\/categories?post=46088"},{"taxonomy":"post_tag","embeddable":true,"href":"https:\/\/linitiative.ca\/International\/wp-json\/wp\/v2\/tags?post=46088"}],"curies":[{"name":"wp","href":"https:\/\/api.w.org\/{rel}","templated":true}]}}