{"id":46098,"date":"2019-07-13T16:34:39","date_gmt":"2019-07-13T20:34:39","guid":{"rendered":"https:\/\/linitiative.ca\/International\/el-otmani-met-en-avant-le-role-preponderant-du-professionnel-dans-le-developpement-de-leconomie-nationale\/"},"modified":"2019-07-13T16:34:39","modified_gmt":"2019-07-13T20:34:39","slug":"el-otmani-met-en-avant-le-role-preponderant-du-professionnel-dans-le-developpement-de-leconomie-nationale","status":"publish","type":"post","link":"https:\/\/linitiative.ca\/International\/el-otmani-met-en-avant-le-role-preponderant-du-professionnel-dans-le-developpement-de-leconomie-nationale\/","title":{"rendered":"El Otmani met en avant le r\u00f4le pr\u00e9pond\u00e9rant du professionnel dans le d\u00e9veloppement de l\u2019\u00e9conomie nationale"},"content":{"rendered":"<p><iframe loading=\"lazy\" width=\"1170\" height=\"658\" src=\"https:\/\/www.youtube.com\/embed\/fwR9-qMZUnA?feature=oembed\" frameborder=\"0\" allow=\"accelerometer; autoplay; encrypted-media; gyroscope; picture-in-picture\" allowfullscreen=\"\">[embedded content]<\/iframe><\/p>\n<div class=\"single-post-excerpt post-excerpt-bc\" readability=\"39\">\n<p>Le Chef du gouvernement, Saad Dine El Otmani, a mis en avant, vendredi \u00e0 Marrakech, le r\u00f4le pr\u00e9pond\u00e9rant jou\u00e9 par le professionnel dans le d\u00e9veloppement de l\u2019\u00e9conomie nationale aux c\u00f4t\u00e9s des Petites et Moyennes Entreprises (PME) qui contribuent amplement \u00e0 l\u2019employabilit\u00e9 de la main d\u2019\u0153uvre et \u00e0 la promotion de l\u2019\u00e9conomie de proximit\u00e9.<\/p>\n<\/div>\n<p>Auteur: Meriem IGASS<br \/>\n<a href=\"http:\/\/www.mapmarrakech.ma\/fr\/el-otmani-met-en-avant-le-role-preponderant-du-professionnel-dans-le-developpement-de-leconomie-nationale\/\">Cliquez ici pour lire l&rsquo;article depuis sa source.<\/a><\/p>\n","protected":false},"excerpt":{"rendered":"<p>[embedded content] Le Chef du gouvernement, Saad Dine El Otmani, a mis en avant, vendredi \u00e0 Marrakech, le r\u00f4le pr\u00e9pond\u00e9rant jou\u00e9 par le professionnel dans le d\u00e9veloppement de l\u2019\u00e9conomie nationale aux c\u00f4t\u00e9s des Petites et Moyennes Entreprises (PME) qui contribuent amplement \u00e0 l\u2019employabilit\u00e9 de la main d\u2019\u0153uvre et \u00e0 la promotion de l\u2019\u00e9conomie de proximit\u00e9. [&hellip;]<\/p>\n","protected":false},"author":1788,"featured_media":0,"comment_status":"closed","ping_status":"closed","sticky":false,"template":"","format":"standard","meta":{"fifu_image_url":"","fifu_image_alt":"","footnotes":""},"categories":[54,76],"tags":[],"class_list":["post-46098","post","type-post","status-publish","format-standard","hentry","category-maroc","category-regions"],"_links":{"self":[{"href":"https:\/\/linitiative.ca\/International\/wp-json\/wp\/v2\/posts\/46098","targetHints":{"allow":["GET"]}}],"collection":[{"href":"https:\/\/linitiative.ca\/International\/wp-json\/wp\/v2\/posts"}],"about":[{"href":"https:\/\/linitiative.ca\/International\/wp-json\/wp\/v2\/types\/post"}],"author":[{"embeddable":true,"href":"https:\/\/linitiative.ca\/International\/wp-json\/wp\/v2\/users\/1788"}],"replies":[{"embeddable":true,"href":"https:\/\/linitiative.ca\/International\/wp-json\/wp\/v2\/comments?post=46098"}],"version-history":[{"count":0,"href":"https:\/\/linitiative.ca\/International\/wp-json\/wp\/v2\/posts\/46098\/revisions"}],"wp:attachment":[{"href":"https:\/\/linitiative.ca\/International\/wp-json\/wp\/v2\/media?parent=46098"}],"wp:term":[{"taxonomy":"category","embeddable":true,"href":"https:\/\/linitiative.ca\/International\/wp-json\/wp\/v2\/categories?post=46098"},{"taxonomy":"post_tag","embeddable":true,"href":"https:\/\/linitiative.ca\/International\/wp-json\/wp\/v2\/tags?post=46098"}],"curies":[{"name":"wp","href":"https:\/\/api.w.org\/{rel}","templated":true}]}}