{"id":46100,"date":"2019-07-14T10:22:57","date_gmt":"2019-07-14T14:22:57","guid":{"rendered":"https:\/\/linitiative.ca\/International\/secousse-tellurique-de-magnitude-3-1-degres-a-bejaia\/"},"modified":"2019-07-14T10:22:57","modified_gmt":"2019-07-14T14:22:57","slug":"secousse-tellurique-de-magnitude-3-1-degres-a-bejaia","status":"publish","type":"post","link":"https:\/\/linitiative.ca\/International\/secousse-tellurique-de-magnitude-3-1-degres-a-bejaia\/","title":{"rendered":"Secousse tellurique de magnitude 3.1 degr\u00e9s \u00e0 Bejaia  \u00a0"},"content":{"rendered":"<div>\n<div class=\"K2FeedIntroText\">\n<p><strong>ALGER- Une secousse tellurique de magnitude 3.1 degr\u00e9s sur l&rsquo;\u00e9chelle ouverte de Richter a \u00e9t\u00e9 enregistr\u00e9e dimanche \u00e0 13h55 dans la wilaya de Bejaia, indique le Centre de recherche en astronomie,astrophysique et g\u00e9ophysique (CRAAG) dans un communiqu\u00e9.<\/strong><\/p>\n<\/div>\n<div class=\"K2FeedFullText\">\n<p>L&rsquo;\u00e9picentre de la secousse a \u00e9t\u00e9 localis\u00e9 \u00e0 26 km au sud-ouest d&rsquo;Aokas, dans la m\u00eame wilaya, pr\u00e9cise la m\u00eame source.<\/p>\n<p>\u00a0<\/p>\n<\/div>\n<\/div>\n<p>Auteur:<br \/>\n<a href=\"http:\/\/www.aps.dz\/regions\/91900-secousse-tellurique-de-magnitude-3-1-degres-a-bejaia\">Cliquez ici pour lire l&rsquo;article depuis sa source.<\/a><\/p>\n","protected":false},"excerpt":{"rendered":"<p>ALGER- Une secousse tellurique de magnitude 3.1 degr\u00e9s sur l&rsquo;\u00e9chelle ouverte de Richter a \u00e9t\u00e9 enregistr\u00e9e dimanche \u00e0 13h55 dans la wilaya de Bejaia, indique le Centre de recherche en astronomie,astrophysique et g\u00e9ophysique (CRAAG) dans un communiqu\u00e9. L&rsquo;\u00e9picentre de la secousse a \u00e9t\u00e9 localis\u00e9 \u00e0 26 km au sud-ouest d&rsquo;Aokas, dans la m\u00eame wilaya, pr\u00e9cise [&hellip;]<\/p>\n","protected":false},"author":1790,"featured_media":0,"comment_status":"closed","ping_status":"closed","sticky":false,"template":"","format":"standard","meta":{"fifu_image_url":"","fifu_image_alt":"","footnotes":""},"categories":[53,76],"tags":[],"class_list":["post-46100","post","type-post","status-publish","format-standard","hentry","category-algerie","category-regions"],"_links":{"self":[{"href":"https:\/\/linitiative.ca\/International\/wp-json\/wp\/v2\/posts\/46100","targetHints":{"allow":["GET"]}}],"collection":[{"href":"https:\/\/linitiative.ca\/International\/wp-json\/wp\/v2\/posts"}],"about":[{"href":"https:\/\/linitiative.ca\/International\/wp-json\/wp\/v2\/types\/post"}],"author":[{"embeddable":true,"href":"https:\/\/linitiative.ca\/International\/wp-json\/wp\/v2\/users\/1790"}],"replies":[{"embeddable":true,"href":"https:\/\/linitiative.ca\/International\/wp-json\/wp\/v2\/comments?post=46100"}],"version-history":[{"count":0,"href":"https:\/\/linitiative.ca\/International\/wp-json\/wp\/v2\/posts\/46100\/revisions"}],"wp:attachment":[{"href":"https:\/\/linitiative.ca\/International\/wp-json\/wp\/v2\/media?parent=46100"}],"wp:term":[{"taxonomy":"category","embeddable":true,"href":"https:\/\/linitiative.ca\/International\/wp-json\/wp\/v2\/categories?post=46100"},{"taxonomy":"post_tag","embeddable":true,"href":"https:\/\/linitiative.ca\/International\/wp-json\/wp\/v2\/tags?post=46100"}],"curies":[{"name":"wp","href":"https:\/\/api.w.org\/{rel}","templated":true}]}}