{"id":46120,"date":"2019-07-14T15:14:05","date_gmt":"2019-07-14T19:14:05","guid":{"rendered":"https:\/\/linitiative.ca\/International\/ligue-1-2-jsk-velud-globalement-je-suis-satisfait\/"},"modified":"2019-07-14T15:14:05","modified_gmt":"2019-07-14T19:14:05","slug":"ligue-1-2-jsk-velud-globalement-je-suis-satisfait","status":"publish","type":"post","link":"https:\/\/linitiative.ca\/International\/ligue-1-2-jsk-velud-globalement-je-suis-satisfait\/","title":{"rendered":"Ligue 1 &amp; 2 : JSK &#8211; Velud: \u00abGlobalement, je suis satisfait\u00bb"},"content":{"rendered":"<div readability=\"32\">\n<p>Auteur : <span>Sa\u00efd Djoudi<\/span> <span class=\"time\">dimanche 14 juillet 2019 12:48<\/span><\/p>\n<\/div>\n<div id=\"post_core\" readability=\"130\">\n<p>Le technicien kabyle, Hubert Velud, est globalement satisfait de la premi\u00e8re r\u00e9action de son \u00e9quipe, hier soir, en amical face \u00e0 la formation du FC Annecy que les Canaris ont battu sur le score d\u2019un but \u00e0 z\u00e9ro. A chaud, Velud a d\u00e9clar\u00e9 ceci : \u00ab J\u2019ai retenu des impressions positives de cette premi\u00e8re sortie de mon groupe, ce soir face \u00e0 Annecy. L\u2019\u00e9quipe a montr\u00e9 des choses positives et quelques lacunes aussi \u00e0 combler, mais globalement je suis sorti satisfait. \u00bb<\/p>\n<p><strong>\u00abOn a encore du travail \u00e0 faire sur le plan physique\u00bb<\/strong><br \/>Concernant le physique, puisque c\u2019est le but de la joute amicale apr\u00e8s cinq jours de travail \u00e0 Evian, ce driver affirme : \u00ab Physiquement, nous ne sommes pas encore pr\u00eats \u00e0 100%. Je m\u2019attendais \u00e9videmment \u00e0 ce que le premier match soit difficile. On ne doit pas se compliquer la vie en portant trop loin le ballon.\u00bb \u00a0<\/p>\n<p><strong>\u00abL\u2019\u00e9tat d\u2019esprit est tr\u00e8s bon\u00bb<\/strong><br \/>Et \u00e0 propos de l\u2019\u00e9tat d\u2019esprit du groupe, Velud est rassur\u00e9 : \u00ab Il r\u00e8gne une superbe ambiance au sein de l\u2019\u00e9quipe, m\u00eame les nouvelles recrues n\u2019ont pas trouv\u00e9 de difficult\u00e9s \u00e0 se fondre dans le groupe et cela me rassure. \u00bb<\/p>\n<p><strong>\u00abOn fera le point sur le recrutement\u00bb<\/strong><br \/>Enfin et \u00e0 la question de savoir s\u2019il a encore l\u2019intention de recruter un deuxi\u00e8me joueur africain, le ma\u00eetre pr\u00e9cise : \u00ab Nous venons de jouer notre premier match amical. J\u2019ai une id\u00e9e sur le groupe et je compte faire le point avec les dirigeants \u00e0 propos de cette question. \u00bb<br \/>\u00a0<\/p>\n<p><strong>Velud a proc\u00e9d\u00e9 au turn-over, hier, face \u00e0 FC Annecy<br \/>Les nouvelles recrues s\u2019affirment<\/strong><br \/>Au cinqui\u00e8me jour de la pr\u00e9paration estivale \u00e0 Evian, la formation kabyle a jou\u00e9, hier, sa premi\u00e8re joute amicale face \u00e0 son homologue du FC Annecy, \u00e9voluant en D2 National. Ce premier test a bien \u00e9videmment renseign\u00e9 le coach Hubert Velud sur les capacit\u00e9s de ses joueurs sur le plan physique notamment apr\u00e8s une dizaine de jours de travail depuis l\u2019entame du programme \u00e0 Zekri. Face \u00e0 Annecy, Velud a fait tourner son effectif et donn\u00e9 du temps de jeu \u00e0 tout le monde. Son objectif n\u2019\u00e9tait gu\u00e8re le r\u00e9sultat, qui voulait avoir une id\u00e9e sur le rendement physique sur le terrain. Les Kabyles n\u2019ont pas seulement montr\u00e9 de bons signes, mais ils ont aussi gagn\u00e9 leur premier match, ce qui va certainement leur gonfler le moral pour continuer leur travail. L\u2019autre satisfaction \u00e0 retenir de ce premier match amical, c\u2019est la r\u00e9action des nouvelles recrues. Pour leur premi\u00e8re apparition sous le maillot jaune et vert, les nouveaux d\u00e9barqu\u00e9s ont laiss\u00e9 une bonne impression. En premi\u00e8re mi-temps, Velud a align\u00e9 Bencherifa, Addadi, Banouh, Bounoua et le Burkinab\u00e8 Koanda. En seconde p\u00e9riode, Velud a fait jouer Zeghdane, Bensayeh et El Orfi. Ces derniers n\u2019ont pas aussi rat\u00e9 l\u2019opportunit\u00e9 de montrer leurs qualit\u00e9s. Bien qu\u2019ils ne soient qu\u2019\u00e0 leur premi\u00e8re \u00e9tape de pr\u00e9paration, les nouvelles recrues s\u2019affirment et promettent de r\u00e9ussir un bon stage et d\u2019entamer en force la Ligue des champions.<br \/>\u00a0<\/p>\n<p><strong>Koanda marque son territoire<\/strong><br \/>Le d\u00e9fenseur central burkinab\u00e8, Koanda, n\u2019a trouv\u00e9 aucune difficult\u00e9 \u00e0 s\u2019int\u00e9grer au sein de la formation kabyle. Aussit\u00f4t arriv\u00e9, il y a un peu plus d\u2019une semaine en Kabylie, il s\u2019est adapt\u00e9 au groupe et travaille d\u2019arrache-pied pour gagner sa place. Pour l\u2019instant, il n\u2019a pas encore sign\u00e9 son contrat, mais cela ne saurait tarder. On attend la venue du pr\u00e9sident Mellal et l\u2019agent du joueur pour finaliser. Le moins qu\u2019on puisse dire du rendement de Koanda depuis sa venue, c\u2019est qu\u2019il se donne \u00e0 fond et, hier, il a r\u00e9alis\u00e9 une premi\u00e8re mi-temps sans faute. C\u2019est de bon augure pour la suite.<\/p>\n<p><strong>La liste des joueurs concern\u00e9s par la LDC d\u00e9pos\u00e9e<\/strong><br \/>Dans un mois, la JSK entamera son exp\u00e9dition africaine, \u00e0 l\u2019occasion de son premier match en Ligue des champions. Le tirage au sort est en principe pr\u00e9vu dans les prochains jours, \u00e0 l\u2019occasion d\u2019un s\u00e9minaire de la CAF qu\u2019abritera la capitale \u00e9gyptienne, Le Caire. La direction kabyle, et en pr\u00e9vision de son retour sur la sc\u00e8ne continentale est en train de se pr\u00e9parer sur tous les plans. Administrativement, on a appris que la direction a d\u00e9pos\u00e9, il y a quelques jours, la liste nominative des joueurs concern\u00e9s par la comp\u00e9tition. Un dossier complet pour l\u2019homologation du stade du 1er-Novembre a \u00e9t\u00e9 \u00e9galement transmis via la FAF.<\/p>\n<p><strong>Tizi Bouali le seul qui a \u00e9t\u00e9 reconduit<\/strong><br \/>La premi\u00e8re \u00e9quipe align\u00e9e par Velud face au FC Annecy a quitt\u00e9 le terrain sous les applaudissements des nombreux supporters pr\u00e9sents, surtout que les camarades du capitaine Bencherifa ont trouv\u00e9 la faille juste avant la pause. Une deuxi\u00e8me \u00e9quipe a \u00e9t\u00e9 align\u00e9e en seconde p\u00e9riode et seul l\u2019axial Tizi Bouali a \u00e9t\u00e9 reconduit dans l\u2019axe, il a c\u00e9d\u00e9 sa place dans les vingt derni\u00e8res minutes au jeune Anis Rena\u00ef.<\/p>\n<p><strong>Tafni h\u00e9rite du brassard<\/strong><br \/>Le capitaine Walid Bencherifa a jou\u00e9 en premi\u00e8re mi-temps avec le Burkinab\u00e8 Koanda dans l\u2019axe. Comme il a \u00e9t\u00e9 remplac\u00e9 \u00e0 la mi-temps pour permettre aux autres joueurs de gagner du temps de jeu, il a d\u00fb c\u00e9der son brassard au jeune Tafni Massinissa. Les deux autres joueurs pr\u00e9vus pour porter le brassard cette saison, en l\u2019occurrence Addadi et Hamroune, ont \u00e9galement quitt\u00e9 la pelouse \u00e0 la fin de la premi\u00e8re mi-temps.<\/p>\n<p><strong>Publi\u00e9 dans :<\/strong> <span>JSK<\/span> <span>Velud<\/span> <span>Koanda<\/span><\/p>\n<\/div>\n<p>Auteur:<br \/>\n<a href=\"http:\/\/www.lebuteur.com\/article\/detail?titre=jsk-velud-globalement-je-suis-satisfait&#038;id=90335&#038;utm_source=feedburner&#038;utm_medium=feed&#038;utm_campaign=Feed%3A+GalerieFArtciles+%28Les+derniers+articles++-+lebuteur.com%29\">Cliquez ici pour lire l&rsquo;article depuis sa source.<\/a><\/p>\n","protected":false},"excerpt":{"rendered":"<p>Auteur : Sa\u00efd Djoudi dimanche 14 juillet 2019 12:48 Le technicien kabyle, Hubert Velud, est globalement satisfait de la premi\u00e8re r\u00e9action de son \u00e9quipe, hier soir, en amical face \u00e0 la formation du FC Annecy que les Canaris ont battu sur le score d\u2019un but \u00e0 z\u00e9ro. A chaud, Velud a d\u00e9clar\u00e9 ceci : \u00ab [&hellip;]<\/p>\n","protected":false},"author":1738,"featured_media":46121,"comment_status":"closed","ping_status":"closed","sticky":false,"template":"","format":"standard","meta":{"fifu_image_url":"","fifu_image_alt":"","footnotes":""},"categories":[53,75],"tags":[],"class_list":["post-46120","post","type-post","status-publish","format-standard","has-post-thumbnail","hentry","category-algerie","category-sport"],"_links":{"self":[{"href":"https:\/\/linitiative.ca\/International\/wp-json\/wp\/v2\/posts\/46120","targetHints":{"allow":["GET"]}}],"collection":[{"href":"https:\/\/linitiative.ca\/International\/wp-json\/wp\/v2\/posts"}],"about":[{"href":"https:\/\/linitiative.ca\/International\/wp-json\/wp\/v2\/types\/post"}],"author":[{"embeddable":true,"href":"https:\/\/linitiative.ca\/International\/wp-json\/wp\/v2\/users\/1738"}],"replies":[{"embeddable":true,"href":"https:\/\/linitiative.ca\/International\/wp-json\/wp\/v2\/comments?post=46120"}],"version-history":[{"count":0,"href":"https:\/\/linitiative.ca\/International\/wp-json\/wp\/v2\/posts\/46120\/revisions"}],"wp:featuredmedia":[{"embeddable":true,"href":"https:\/\/linitiative.ca\/International\/wp-json\/"}],"wp:attachment":[{"href":"https:\/\/linitiative.ca\/International\/wp-json\/wp\/v2\/media?parent=46120"}],"wp:term":[{"taxonomy":"category","embeddable":true,"href":"https:\/\/linitiative.ca\/International\/wp-json\/wp\/v2\/categories?post=46120"},{"taxonomy":"post_tag","embeddable":true,"href":"https:\/\/linitiative.ca\/International\/wp-json\/wp\/v2\/tags?post=46120"}],"curies":[{"name":"wp","href":"https:\/\/api.w.org\/{rel}","templated":true}]}}