{"id":46127,"date":"2019-07-14T15:14:09","date_gmt":"2019-07-14T19:14:09","guid":{"rendered":"https:\/\/linitiative.ca\/International\/international-real-madrid-james-rodriguez-sait-ou-il-veut-evoluer\/"},"modified":"2019-07-14T15:14:09","modified_gmt":"2019-07-14T19:14:09","slug":"international-real-madrid-james-rodriguez-sait-ou-il-veut-evoluer","status":"publish","type":"post","link":"https:\/\/linitiative.ca\/International\/international-real-madrid-james-rodriguez-sait-ou-il-veut-evoluer\/","title":{"rendered":"International : Real Madrid: James Rodriguez sait o\u00f9 il veut \u00e9voluer"},"content":{"rendered":"<div readability=\"32\">\n<p>Auteur : <span class=\"time\">dimanche 14 juillet 2019 15:15<\/span><\/p>\n<\/div>\n<div id=\"post_core\" readability=\"41\">\n<p>Zinedine Zidane ne compte pas sur lui et l\u2019international colombien n\u2019appr\u00e9cie pas le technicien tricolore. Ce dernier compte bien faire ses valises et il aurait m\u00eame d\u00e9j\u00e0 choisi le nom de sa future destination. Selon Marca et Les-Transferts, il veut signer en faveur de l\u2019Atletico Madrid.<\/p>\n<p>Les Colchoneros l\u2019auraient convaincu avec un contrat de quatre ans. Concernant l\u2019indemnit\u00e9 de transfert, elle pourrait se n\u00e9gocier aux alentours de 40 millions d\u2019euros.<\/p>\n<p><strong>Publi\u00e9 dans :<\/strong> <span>real madrid<\/span> <span>James Rodriguez<\/span><\/p>\n<\/div>\n<p>Auteur:<br \/>\n<a href=\"http:\/\/www.lebuteur.com\/article\/detail?titre=real-madrid-james-rodriguez-sait-ou-il-veut-evoluer&#038;id=90360&#038;utm_source=feedburner&#038;utm_medium=feed&#038;utm_campaign=Feed%3A+GalerieFArtciles+%28Les+derniers+articles++-+lebuteur.com%29\">Cliquez ici pour lire l&rsquo;article depuis sa source.<\/a><\/p>\n","protected":false},"excerpt":{"rendered":"<p>Auteur : dimanche 14 juillet 2019 15:15 Zinedine Zidane ne compte pas sur lui et l\u2019international colombien n\u2019appr\u00e9cie pas le technicien tricolore. Ce dernier compte bien faire ses valises et il aurait m\u00eame d\u00e9j\u00e0 choisi le nom de sa future destination. Selon Marca et Les-Transferts, il veut signer en faveur de l\u2019Atletico Madrid. Les Colchoneros [&hellip;]<\/p>\n","protected":false},"author":1738,"featured_media":46128,"comment_status":"closed","ping_status":"closed","sticky":false,"template":"","format":"standard","meta":{"fifu_image_url":"","fifu_image_alt":"","footnotes":""},"categories":[53,75],"tags":[],"class_list":["post-46127","post","type-post","status-publish","format-standard","has-post-thumbnail","hentry","category-algerie","category-sport"],"_links":{"self":[{"href":"https:\/\/linitiative.ca\/International\/wp-json\/wp\/v2\/posts\/46127","targetHints":{"allow":["GET"]}}],"collection":[{"href":"https:\/\/linitiative.ca\/International\/wp-json\/wp\/v2\/posts"}],"about":[{"href":"https:\/\/linitiative.ca\/International\/wp-json\/wp\/v2\/types\/post"}],"author":[{"embeddable":true,"href":"https:\/\/linitiative.ca\/International\/wp-json\/wp\/v2\/users\/1738"}],"replies":[{"embeddable":true,"href":"https:\/\/linitiative.ca\/International\/wp-json\/wp\/v2\/comments?post=46127"}],"version-history":[{"count":0,"href":"https:\/\/linitiative.ca\/International\/wp-json\/wp\/v2\/posts\/46127\/revisions"}],"wp:featuredmedia":[{"embeddable":true,"href":"https:\/\/linitiative.ca\/International\/wp-json\/"}],"wp:attachment":[{"href":"https:\/\/linitiative.ca\/International\/wp-json\/wp\/v2\/media?parent=46127"}],"wp:term":[{"taxonomy":"category","embeddable":true,"href":"https:\/\/linitiative.ca\/International\/wp-json\/wp\/v2\/categories?post=46127"},{"taxonomy":"post_tag","embeddable":true,"href":"https:\/\/linitiative.ca\/International\/wp-json\/wp\/v2\/tags?post=46127"}],"curies":[{"name":"wp","href":"https:\/\/api.w.org\/{rel}","templated":true}]}}