{"id":46129,"date":"2019-07-14T15:14:11","date_gmt":"2019-07-14T19:14:11","guid":{"rendered":"https:\/\/linitiative.ca\/International\/equipe-dalgerie-la-surprenante-decision-de-belmadi-avant-daffronter-le-nigeria\/"},"modified":"2019-07-14T15:14:11","modified_gmt":"2019-07-14T19:14:11","slug":"equipe-dalgerie-la-surprenante-decision-de-belmadi-avant-daffronter-le-nigeria","status":"publish","type":"post","link":"https:\/\/linitiative.ca\/International\/equipe-dalgerie-la-surprenante-decision-de-belmadi-avant-daffronter-le-nigeria\/","title":{"rendered":"Equipe d&rsquo;Alg\u00e9rie : La surprenante d\u00e9cision de Belmadi avant d\u2019affronter le Nig\u00e9ria"},"content":{"rendered":"<div readability=\"32\">\n<p>Auteur : <span class=\"time\">dimanche 14 juillet 2019 16:38<\/span><\/p>\n<\/div>\n<div id=\"post_core\" readability=\"38\">\n<p>Le s\u00e9lectionneur national, Djamel Belmadi a surpris plus d\u2019un ce matin en programmant une s\u00e9ance d\u2019entra\u00eenement \u00e0 ses troupes avant d\u2019affronter le Nig\u00e9ria. Cette s\u00e9ance d\u2019entra\u00eenement s\u2019est d\u00e9roul\u00e9e \u00e0 partir de 11h30 au Petro Sport Stadium et a \u00e9t\u00e9 ax\u00e9e sur l\u2019aspect de la r\u00e9cup\u00e9ration. C\u2019est d\u2019ailleurs la premi\u00e8re fois, depuis le d\u00e9but de la CAN, que le s\u00e9lectionneur national programme un entra\u00eenement \u00e0 ses troupes le jour du match.<\/p>\n<p><strong>Publi\u00e9 dans :<\/strong> <span>Belmadi<\/span><\/p>\n<\/div>\n<p>Auteur:<br \/>\n<a href=\"http:\/\/www.lebuteur.com\/article\/detail?titre=la-surprenante-decision-de-belmadi-avant-daffronter-le-nigeria&#038;id=90361&#038;utm_source=feedburner&#038;utm_medium=feed&#038;utm_campaign=Feed%3A+GalerieFArtciles+%28Les+derniers+articles++-+lebuteur.com%29\">Cliquez ici pour lire l&rsquo;article depuis sa source.<\/a><\/p>\n","protected":false},"excerpt":{"rendered":"<p>Auteur : dimanche 14 juillet 2019 16:38 Le s\u00e9lectionneur national, Djamel Belmadi a surpris plus d\u2019un ce matin en programmant une s\u00e9ance d\u2019entra\u00eenement \u00e0 ses troupes avant d\u2019affronter le Nig\u00e9ria. Cette s\u00e9ance d\u2019entra\u00eenement s\u2019est d\u00e9roul\u00e9e \u00e0 partir de 11h30 au Petro Sport Stadium et a \u00e9t\u00e9 ax\u00e9e sur l\u2019aspect de la r\u00e9cup\u00e9ration. C\u2019est d\u2019ailleurs la [&hellip;]<\/p>\n","protected":false},"author":1738,"featured_media":46130,"comment_status":"closed","ping_status":"closed","sticky":false,"template":"","format":"standard","meta":{"fifu_image_url":"","fifu_image_alt":"","footnotes":""},"categories":[53,75],"tags":[],"class_list":["post-46129","post","type-post","status-publish","format-standard","has-post-thumbnail","hentry","category-algerie","category-sport"],"_links":{"self":[{"href":"https:\/\/linitiative.ca\/International\/wp-json\/wp\/v2\/posts\/46129","targetHints":{"allow":["GET"]}}],"collection":[{"href":"https:\/\/linitiative.ca\/International\/wp-json\/wp\/v2\/posts"}],"about":[{"href":"https:\/\/linitiative.ca\/International\/wp-json\/wp\/v2\/types\/post"}],"author":[{"embeddable":true,"href":"https:\/\/linitiative.ca\/International\/wp-json\/wp\/v2\/users\/1738"}],"replies":[{"embeddable":true,"href":"https:\/\/linitiative.ca\/International\/wp-json\/wp\/v2\/comments?post=46129"}],"version-history":[{"count":0,"href":"https:\/\/linitiative.ca\/International\/wp-json\/wp\/v2\/posts\/46129\/revisions"}],"wp:featuredmedia":[{"embeddable":true,"href":"https:\/\/linitiative.ca\/International\/wp-json\/"}],"wp:attachment":[{"href":"https:\/\/linitiative.ca\/International\/wp-json\/wp\/v2\/media?parent=46129"}],"wp:term":[{"taxonomy":"category","embeddable":true,"href":"https:\/\/linitiative.ca\/International\/wp-json\/wp\/v2\/categories?post=46129"},{"taxonomy":"post_tag","embeddable":true,"href":"https:\/\/linitiative.ca\/International\/wp-json\/wp\/v2\/tags?post=46129"}],"curies":[{"name":"wp","href":"https:\/\/api.w.org\/{rel}","templated":true}]}}