{"id":46135,"date":"2019-07-14T15:14:15","date_gmt":"2019-07-14T19:14:15","guid":{"rendered":"https:\/\/linitiative.ca\/International\/afrique-can-2019-le-senegal-en-finale\/"},"modified":"2019-07-14T15:14:15","modified_gmt":"2019-07-14T19:14:15","slug":"afrique-can-2019-le-senegal-en-finale","status":"publish","type":"post","link":"https:\/\/linitiative.ca\/International\/afrique-can-2019-le-senegal-en-finale\/","title":{"rendered":"Afrique : CAN 2019: le S\u00e9n\u00e9gal en finale !"},"content":{"rendered":"<div readability=\"32\">\n<p>Auteur : <span class=\"time\">dimanche 14 juillet 2019 19:36<\/span><\/p>\n<\/div>\n<div id=\"post_core\" readability=\"42\">\n<p>Le S\u00e9n\u00e9gal est le premier qualifi\u00e9 pour la finale de la Coupe d&rsquo;Afrique des nations ! Les S\u00e9n\u00e9galais ont lutt\u00e9 pour se d\u00e9faire de la Tunisie (1-0 ap) ce dimanche en demi-finale. Les Lions de la T\u00e9ranga sont mieux entr\u00e9s dans cette rencontre et, \u00e0 l&rsquo;image d&rsquo;un poteau trouv\u00e9 par Sabaly, se montraient les plus dangereux en premi\u00e8re p\u00e9riode. Aucune diff\u00e9rence n&rsquo;\u00e9tait faite \u00e0 la pause, et les Aigles de Carthage revenaient des vestiaires avec de bien meilleures intentions, s&rsquo;offrant plusieurs opportunit\u00e9s. Et puis vint la 75e minute, et six minutes assez folles&#8230; Les Tunisiens avaient une occasion en or d&rsquo;ouvrir le score sur un penalty obtenu pour une main de Koulibaly, mais la tentative trop molle de Sassi \u00e9tait stopp\u00e9e par Gomis (75e) ! C&rsquo;est ensuite le S\u00e9n\u00e9galais Saivet qui manquait \u00e0 son tour un penalty repouss\u00e9 par Hassen (81e) ! Incroyable&#8230; Le gardien tunisien avait moins de r\u00e9ussite durant la prolongation. Sa sortie totalement manqu\u00e9e provoquait le but contre son camp de Bronn (0-1, 100e). La Tunisie allait conna\u00eetre un deuxi\u00e8me coup du sort avec un penalty accord\u00e9 pour une main de Geye et finalement annul\u00e9 apr\u00e8s intervention de la VAR \u00e0 la 115e minute. C&rsquo;est dur pour les co\u00e9quipiers de Khazri rapporte Maxifoot.fr.<\/p>\n<p><strong>Publi\u00e9 dans :<\/strong> <span>s\u00e9n\u00e9gal<\/span><\/p>\n<\/div>\n<p>Auteur:<br \/>\n<a href=\"http:\/\/www.lebuteur.com\/article\/detail?titre=can-2019-le-senegal-en-finale&#038;id=90365&#038;utm_source=feedburner&#038;utm_medium=feed&#038;utm_campaign=Feed%3A+GalerieFArtciles+%28Les+derniers+articles++-+lebuteur.com%29\">Cliquez ici pour lire l&rsquo;article depuis sa source.<\/a><\/p>\n","protected":false},"excerpt":{"rendered":"<p>Auteur : dimanche 14 juillet 2019 19:36 Le S\u00e9n\u00e9gal est le premier qualifi\u00e9 pour la finale de la Coupe d&rsquo;Afrique des nations ! Les S\u00e9n\u00e9galais ont lutt\u00e9 pour se d\u00e9faire de la Tunisie (1-0 ap) ce dimanche en demi-finale. Les Lions de la T\u00e9ranga sont mieux entr\u00e9s dans cette rencontre et, \u00e0 l&rsquo;image d&rsquo;un poteau [&hellip;]<\/p>\n","protected":false},"author":1738,"featured_media":46136,"comment_status":"closed","ping_status":"closed","sticky":false,"template":"","format":"standard","meta":{"fifu_image_url":"","fifu_image_alt":"","footnotes":""},"categories":[53,75],"tags":[],"class_list":["post-46135","post","type-post","status-publish","format-standard","has-post-thumbnail","hentry","category-algerie","category-sport"],"_links":{"self":[{"href":"https:\/\/linitiative.ca\/International\/wp-json\/wp\/v2\/posts\/46135","targetHints":{"allow":["GET"]}}],"collection":[{"href":"https:\/\/linitiative.ca\/International\/wp-json\/wp\/v2\/posts"}],"about":[{"href":"https:\/\/linitiative.ca\/International\/wp-json\/wp\/v2\/types\/post"}],"author":[{"embeddable":true,"href":"https:\/\/linitiative.ca\/International\/wp-json\/wp\/v2\/users\/1738"}],"replies":[{"embeddable":true,"href":"https:\/\/linitiative.ca\/International\/wp-json\/wp\/v2\/comments?post=46135"}],"version-history":[{"count":0,"href":"https:\/\/linitiative.ca\/International\/wp-json\/wp\/v2\/posts\/46135\/revisions"}],"wp:featuredmedia":[{"embeddable":true,"href":"https:\/\/linitiative.ca\/International\/wp-json\/"}],"wp:attachment":[{"href":"https:\/\/linitiative.ca\/International\/wp-json\/wp\/v2\/media?parent=46135"}],"wp:term":[{"taxonomy":"category","embeddable":true,"href":"https:\/\/linitiative.ca\/International\/wp-json\/wp\/v2\/categories?post=46135"},{"taxonomy":"post_tag","embeddable":true,"href":"https:\/\/linitiative.ca\/International\/wp-json\/wp\/v2\/tags?post=46135"}],"curies":[{"name":"wp","href":"https:\/\/api.w.org\/{rel}","templated":true}]}}