{"id":46138,"date":"2019-07-13T19:00:00","date_gmt":"2019-07-13T23:00:00","guid":{"rendered":"https:\/\/linitiative.ca\/International\/justice-chakib-khelil-et-amar-ghoul-devant-le-juge-dinstruction\/"},"modified":"2019-07-13T19:00:00","modified_gmt":"2019-07-13T23:00:00","slug":"justice-chakib-khelil-et-amar-ghoul-devant-le-juge-dinstruction","status":"publish","type":"post","link":"https:\/\/linitiative.ca\/International\/justice-chakib-khelil-et-amar-ghoul-devant-le-juge-dinstruction\/","title":{"rendered":"Justice : Chakib Khelil et Amar Ghoul devant le juge d\u2019instruction"},"content":{"rendered":"<p><strong>R\u00e9ouverture imminente, \u00e0 la Cour supr\u00eame, du dossier Sonatrach, qui sera de nouveau au centre d\u2019une instruction judiciaire traitant des faits de corruption, de dilapidation de deniers publics, d\u2019infraction au code des march\u00e9s publics et de transgression de la l\u00e9gislation relative\u00a0 au transfert de devises de et vers l\u2019\u00e9tranger.<\/strong><\/p>\n<p>Parmi les pr\u00e9venus figure l\u2019ancien ministre de l\u2019Energie et des Mines, Chakib Khelil, dont l\u2019audition par le magistrat instructeur est annonc\u00e9e pour aujourd\u2019hui. La Cour supr\u00eame a \u00e9t\u00e9 d\u00e9j\u00e0 rendue destinataire de deux dossiers de poursuite contre Chakib Khelil pour des faits \u00e0 caract\u00e8re p\u00e9nal. Selon un communiqu\u00e9 de cette institution judiciaire, les principaux griefs retenus \u00e0 son encontre ont trait \u00e0 des infractions \u00e0 la r\u00e9glementation des\u00a0 changes et au mouvement des capitaux de et vers l\u2019\u00e9tranger, ainsi que le non-respect des dispositions du code des march\u00e9s publics, notamment dans la conclusion de deux contrats entre Sonatrach et deux\u00a0 entreprises \u00e9trang\u00e8res. En sa qualit\u00e9 d\u2019ex-haut responsable, Chakib Khelil, qui b\u00e9n\u00e9ficie du privil\u00e8ge de juridiction, aura donc \u00e0 compara\u00eetre devant la Cour supr\u00eame, et ce, conform\u00e9ment aux dispositions de l\u2019article 573 du code des proc\u00e9dures p\u00e9nales. La question se pose cependant quant\u00a0 \u00e0 savoir o\u00f9 se trouve au juste Chakib\u00a0 Khelil ? L\u2019on \u00e9voque sa pr\u00e9sence aux USA, quand d\u2019autres avancent qu\u2019il a quitt\u00e9 les Etats-Unis pour le Liban. Son avocat affirme que son client r\u00e9pondra \u00e0 la convocation du juge d\u2019instruction pr\u00e8s la Cour supr\u00eame pour se d\u00e9fendre. Cela devra se confirmer o\u00f9 s\u2019infirmer si l\u2019on tient compte de son audition\u00a0 pour aujourd\u2019hui.<br \/>\u00a0\u00a0\u00a0\u00a0 En tout \u00e9tat de cause, si le pr\u00e9venu ne se pr\u00e9sente pas, il fera\u00a0 sans doute l\u2019objet d\u2019un mandat d\u2019arr\u00eat international. L\u2019ancien ministre de l\u2019Energie et des Mines est poursuivi dans le cadre de l\u2019affaire Sonatrach avec une dizaine d\u2019autres personnes. Le dossier de Sonatrach est scind\u00e9 en deux affaires d\u00e9nomm\u00e9es Sonatrach 1 et 2. Ce\u00a0 m\u00eame dossier constitue un des plus grands scandales financiers ayant \u00e9clabouss\u00e9 le r\u00e9gime d\u2019Abdelaziz Bouteflika et ce, au m\u00eame titre que l\u2019affaire de l\u2019autoroute Est-Ouest qui sera \u00e9galement rejug\u00e9e et dont l\u2019instruction judiciaire sera engag\u00e9e dans les prochains jours.<br \/>\u00a0\u00a0\u00a0\u00a0 Cette seconde affaire implique l\u2019ancien ministre des Travaux publics, Amar Ghoul. Rappelons que la justice a tranch\u00e9 sur cette affaire au terme d\u2019un proc\u00e8s houleux tenu\u00a0 en 2015 et \u00e0 l\u2019issue duquel des peines de 7 \u00e0 10 ans ferme avaient \u00e9t\u00e9 prononc\u00e9es \u00e0 l\u2019\u00e9gard de 23 accus\u00e9s (personnes morales et physiques) impliqu\u00e9es dans cette affaire de corruption qualifi\u00e9e, rappelle-t-on, de \u2018\u2018scandale du si\u00e8cle\u2019\u2019. Amar Ghoul n\u2019avait pas assist\u00e9 \u00e0 ce proc\u00e8s. Il avait r\u00e9pondu par \u00e9crit aux questions qui lui avaient \u00e9t\u00e9\u00a0 adress\u00e9es par la juge. Autres temps, autres m\u0153urs, en attendant le r\u00e9examen du dossier de l\u2019autoroute Est-Ouest par la justice, Amar Ghoul est d\u00e9j\u00e0 au centre de poursuites judiciaires engag\u00e9es \u00e0 son encontre dans le cadre des affaires relatives \u00e0 Ali Haddad et Mahieddine Tahkout et ce pour des faits punis par la loi,\u00a0comme stipul\u00e9 dans un r\u00e9cent communiqu\u00e9 de la Cour supr\u00eame.\u00a0\u00abSuite au renoncement volontaire du membre du Conseil de la nation, Amar Ghoul, \u00e0 son immunit\u00e9 parlementaire et conform\u00e9ment \u00e0 l\u2019article 127 de la Constitution, le parquet g\u00e9n\u00e9ral pr\u00e8s la Cour supr\u00eame a engag\u00e9 les proc\u00e9dures de poursuite judiciaire, conform\u00e9ment aux formes et dispositions pr\u00e9vues par le code de proc\u00e9dure p\u00e9nale, \u00e0 l\u2019encontre de ce dernier en sa qualit\u00e9 d\u2019ancien ministre des Transports dans le cadre des affaires de Ali Haddad et Mahieddine Tahkout pour des faits punis par la loi\u00bb, pr\u00e9cise le communiqu\u00e9.<br \/>\u00a0\u00a0\u00a0\u00a0 Il est ainsi attendu de voir Amar Ghoul compara\u00eetre devant le magistrat\u00a0 pr\u00e8s la\u00a0 Cour\u00a0 supr\u00eame au cours de\u00a0 la semaine.<br \/>Karim Aoudia<\/p>\n<p>Auteur: elmoudjahid<br \/>\n<a href=\"http:\/\/www.elmoudjahid.com\/fr\/actualites\/139251\">Cliquez ici pour lire l&rsquo;article depuis sa source.<\/a><\/p>\n","protected":false},"excerpt":{"rendered":"<p>R\u00e9ouverture imminente, \u00e0 la Cour supr\u00eame, du dossier Sonatrach, qui sera de nouveau au centre d\u2019une instruction judiciaire traitant des faits de corruption, de dilapidation de deniers publics, d\u2019infraction au code des march\u00e9s publics et de transgression de la l\u00e9gislation relative\u00a0 au transfert de devises de et vers l\u2019\u00e9tranger. Parmi les pr\u00e9venus figure l\u2019ancien ministre [&hellip;]<\/p>\n","protected":false},"author":1744,"featured_media":0,"comment_status":"closed","ping_status":"closed","sticky":false,"template":"","format":"standard","meta":{"fifu_image_url":"","fifu_image_alt":"","footnotes":""},"categories":[73,53],"tags":[],"class_list":["post-46138","post","type-post","status-publish","format-standard","hentry","category-actualite","category-algerie"],"_links":{"self":[{"href":"https:\/\/linitiative.ca\/International\/wp-json\/wp\/v2\/posts\/46138","targetHints":{"allow":["GET"]}}],"collection":[{"href":"https:\/\/linitiative.ca\/International\/wp-json\/wp\/v2\/posts"}],"about":[{"href":"https:\/\/linitiative.ca\/International\/wp-json\/wp\/v2\/types\/post"}],"author":[{"embeddable":true,"href":"https:\/\/linitiative.ca\/International\/wp-json\/wp\/v2\/users\/1744"}],"replies":[{"embeddable":true,"href":"https:\/\/linitiative.ca\/International\/wp-json\/wp\/v2\/comments?post=46138"}],"version-history":[{"count":0,"href":"https:\/\/linitiative.ca\/International\/wp-json\/wp\/v2\/posts\/46138\/revisions"}],"wp:attachment":[{"href":"https:\/\/linitiative.ca\/International\/wp-json\/wp\/v2\/media?parent=46138"}],"wp:term":[{"taxonomy":"category","embeddable":true,"href":"https:\/\/linitiative.ca\/International\/wp-json\/wp\/v2\/categories?post=46138"},{"taxonomy":"post_tag","embeddable":true,"href":"https:\/\/linitiative.ca\/International\/wp-json\/wp\/v2\/tags?post=46138"}],"curies":[{"name":"wp","href":"https:\/\/api.w.org\/{rel}","templated":true}]}}