{"id":46139,"date":"2019-07-13T19:00:00","date_gmt":"2019-07-13T23:00:00","guid":{"rendered":"https:\/\/linitiative.ca\/International\/mouvement-el-bina-une-presidentielle-dans-les-plus-brefs-delais\/"},"modified":"2019-07-13T19:00:00","modified_gmt":"2019-07-13T23:00:00","slug":"mouvement-el-bina-une-presidentielle-dans-les-plus-brefs-delais","status":"publish","type":"post","link":"https:\/\/linitiative.ca\/International\/mouvement-el-bina-une-presidentielle-dans-les-plus-brefs-delais\/","title":{"rendered":"Mouvement El-Bina :  \u00ab Une pr\u00e9sidentielle  dans les plus brefs d\u00e9lais \u00bb"},"content":{"rendered":"<p>\u00abLe mouvement populaire qui a \u00e9t\u00e9 caract\u00e9ris\u00e9 par son aspect pacifique et civilis\u00e9 doit d\u00e9boucher sur des \u00e9lections libres et transparentes pour sortir de la crise et construire une Alg\u00e9rie nouvelle fid\u00e8le aux principes du 1er Novembre 1954\u00bb, c\u2019est en ces termes que le pr\u00e9sident du mouvement El-Bina s\u2019est exprim\u00e9, hier \u00e0 Alger, lors de la 5e rencontre r\u00e9gionale des cadres du Centre du pays, de sa famille politique et ce, sous le slogan : \u00abLa volont\u00e9 du peuple pour une \u00e9lection libre et transparente\u00bb.<br \/>\u00a0Abdelkader Bengrina a, en cette occasion, tenu \u00e0 souligner le fait que \u00able Hirak a r\u00e9ussi \u00e0 concr\u00e9tiser les aspirations du peuple gr\u00e2ce \u00e0 la coh\u00e9sion de corps entre le peuple alg\u00e9rien et son arm\u00e9e digne h\u00e9riti\u00e8re de l\u2019Arm\u00e9e de lib\u00e9ration nationale (ALN)\u00bb. Il a r\u00e9v\u00e9l\u00e9, dans ce sillage, qu\u2019il a \u00e9t\u00e9 approch\u00e9, avant le 22 f\u00e9vrier dernier, pour cautionner la r\u00e9vision de la Constitution, la prolongation d\u2019un an du mandat de l\u2019ancien pr\u00e9sident et pour participer \u00e0 un gouvernement d\u2019union avec l\u2019organisation d\u2019une conf\u00e9rence nationale. \u00abCe que nous avons cat\u00e9goriquement refus\u00e9\u00bb, a-t-il assur\u00e9 non sans ajouter que l\u2019on ne peut aucunement tol\u00e9rer l\u2019annulation des \u00e9lections pr\u00e9sidentielles.<br \/>\u00abOn a voulu nous imposer un agenda de l\u2019\u00e9tranger pour venir \u00e0 bout de notre souverainet\u00e9 nationale et contrecarrer les aspirations de notre peuple. Heureusement, l\u2019ANP a emp\u00each\u00e9 ce funeste projet\u00bb, a-t-il r\u00e9v\u00e9l\u00e9 avant d\u2019afficher sa fiert\u00e9 de voir le front int\u00e9rieur renforc\u00e9 par la fusion qui s\u2019est op\u00e9r\u00e9e entre l\u2019ANP et le peuple. \u00abUne telle unit\u00e9 emp\u00eachera toutes ing\u00e9rences des puissances \u00e9trang\u00e8res dans nos affaires int\u00e9rieures\u00bb, a-t-il rassur\u00e9 avant de faire savoir que l\u2019on est, \u00e9galement, venu lui proposer une entrevue avec des membres de l\u2019ancien cercle pr\u00e9sidentiel ce qu\u2019il a, dit-il, \u00abrejet\u00e9\u00bb. Et de confier \u00e0 son auditoire, que, par ce refus, sa formation politique avait subi des pressions. Le pr\u00e9sident du mouvement El-Bina a exprim\u00e9 son souhait de voir le nouveau pr\u00e9sident de l\u2019APN, Slimane Chenine, conduire le dialogue national compte tenu de ses \u00abcomp\u00e9tences\u00bb et du \u00abconsensus\u00bb qui se \u00abd\u00e9gage\u00bb autour de sa personne. Il rappellera pour preuve, son pl\u00e9biscite \u00e0 la t\u00eate de l&rsquo;APN par \u00abla majorit\u00e9 des partis\u00bb repr\u00e9sent\u00e9s au sein de cette institution r\u00e9publicaine.<br \/>Et d\u2019annoncer, sur un autre registre, que \u00abl\u2019ouverture des dossiers de corruption montrera au grand jour qui a marchand\u00e9 des places au parlement et qui a \u00e9t\u00e9 sanctionn\u00e9 pour avoir refus\u00e9 de les marchander\u00bb. Selon lui, \u00abl\u2019ouverture de ces dossiers va provoquer, prochainement, la reconfiguration profonde du champ politique national. Les jours \u00e0 venir vont d\u00e9voiler beaucoup de choses\u00bb, a-t-il pr\u00e9dit avant d\u2019assurer le soutien de sa formation \u00e0 toutes les revendications \u00abobjectives et nationales\u00bb du Hirak pr\u00e9venant qu\u2019El Bina n&rsquo;adh\u00e8rera \u00e0 aucune d\u00e9marche en dehors du cadre constitutionnel. \u00c9voquant le positionnement g\u00e9opolitique du pays, Bengrina a mis en exergue le fait que l\u2019Alg\u00e9rie est un leader r\u00e9gional naturel.<br \/>\u00abIl ne faut oublier que la Tunisie, s\u0153ur et voisine, qui est pass\u00e9e par des temps difficiles, tant sur le plan s\u00e9curitaire qu\u2019\u00e9conomique, a, uniquement, trouv\u00e9 l\u2019aide de notre pays\u00bb, a-t-il soutenu avant d\u2019assurer que les pays d\u2019Afrique seront toujours aux c\u00f4t\u00e9s de l\u2019Alg\u00e9rie. Abdelkader Bengrina a affirm\u00e9, au passage, que \u00abdepuis la maladie de l\u2019ancien pr\u00e9sident de la R\u00e9publique, notre position diplomatique s\u2019\u00e9tait affaiblie dans la r\u00e9gion\u00bb.<br \/>\u00abLe Sahel est pour nous une question de s\u00e9curit\u00e9 nationale. Ainsi, il faut, le plus rapidement possible, des \u00e9lections libres et transparentes pour renforcer notre position diplomatique\u00bb, a-t-il insist\u00e9 avant d\u2019afficher son bonheur de voir les jeunes g\u00e9n\u00e9rations renouer avec le patriotisme lors des marches populaires \u00e0 travers le territoire national. Le pr\u00e9sident du mouvement El Bina a, \u00e0 la fin, indiqu\u00e9 que son parti \u00aba \u00e9t\u00e9 \u00e0 l\u2019avant-garde en demandant le d\u00e9part de Mouad Bouchareb et en r\u00e9clamant une lutte implacable contre la corruption\u00bb.<br \/>Dans ce m\u00eame cadre, il a confi\u00e9 avoir \u00abla patrie chevill\u00e9e au corps\u00bb. \u00abPendant les ann\u00e9es 1990, nous \u00e9tions au premier rang pour d\u00e9fendre l\u2019Etat alg\u00e9rien. A ce propos, je mets en garde contre le danger du vide constitutionnel\u00bb, a-t-il indiqu\u00e9, ajoutant que \u00abl\u2019Alg\u00e9rie est ch\u00e8re \u00e0 notre c\u0153ur\u00bb et que \u00abnotre formation politique est pr\u00eate \u00e0 se sacrifier pour la patrie\u00bb.<br \/>Et de d\u00e9clarer que c\u2019est au pr\u00e9sident de la R\u00e9publique prochainement \u00e9lu, qu\u2019incombera la mission d\u2019apporter les r\u00e9formes n\u00e9cessaires et ce, \u00absans toucher\u00bb aux constantes nationales et aux valeurs du 1er Novembre 1954.<br \/>Abdelkader Bengrina a conclu son discours, en saluant avec force, le r\u00f4le du \u00abNovembriste\u00bb, vice-ministre de la D\u00e9fense nationale, chef d\u2019\u00e9tat-major de l\u2019ANP, Ahmed Ga\u00efd Salah, pour son patriotisme et sa pers\u00e9v\u00e9rance. \u00abEn effet, il a refus\u00e9 d\u2019instaurer l\u2019\u00e9tat d\u2019exception et d\u2019affronter les Alg\u00e9riens dans la rue. Au contraire, il les a sauv\u00e9s de la Issaba et prot\u00e9g\u00e9s de multiples dangers, tant internes qu\u2019externes !\u00bb.<br \/><strong>\u00a0\u00a0\u00a0 Sami Ka\u00efdi<\/strong><\/p>\n<p>Auteur: elmoudjahid<br \/>\n<a href=\"http:\/\/www.elmoudjahid.com\/fr\/actualites\/139252\">Cliquez ici pour lire l&rsquo;article depuis sa source.<\/a><\/p>\n","protected":false},"excerpt":{"rendered":"<p>\u00abLe mouvement populaire qui a \u00e9t\u00e9 caract\u00e9ris\u00e9 par son aspect pacifique et civilis\u00e9 doit d\u00e9boucher sur des \u00e9lections libres et transparentes pour sortir de la crise et construire une Alg\u00e9rie nouvelle fid\u00e8le aux principes du 1er Novembre 1954\u00bb, c\u2019est en ces termes que le pr\u00e9sident du mouvement El-Bina s\u2019est exprim\u00e9, hier \u00e0 Alger, lors de [&hellip;]<\/p>\n","protected":false},"author":1744,"featured_media":0,"comment_status":"closed","ping_status":"closed","sticky":false,"template":"","format":"standard","meta":{"fifu_image_url":"","fifu_image_alt":"","footnotes":""},"categories":[73,53],"tags":[],"class_list":["post-46139","post","type-post","status-publish","format-standard","hentry","category-actualite","category-algerie"],"_links":{"self":[{"href":"https:\/\/linitiative.ca\/International\/wp-json\/wp\/v2\/posts\/46139","targetHints":{"allow":["GET"]}}],"collection":[{"href":"https:\/\/linitiative.ca\/International\/wp-json\/wp\/v2\/posts"}],"about":[{"href":"https:\/\/linitiative.ca\/International\/wp-json\/wp\/v2\/types\/post"}],"author":[{"embeddable":true,"href":"https:\/\/linitiative.ca\/International\/wp-json\/wp\/v2\/users\/1744"}],"replies":[{"embeddable":true,"href":"https:\/\/linitiative.ca\/International\/wp-json\/wp\/v2\/comments?post=46139"}],"version-history":[{"count":0,"href":"https:\/\/linitiative.ca\/International\/wp-json\/wp\/v2\/posts\/46139\/revisions"}],"wp:attachment":[{"href":"https:\/\/linitiative.ca\/International\/wp-json\/wp\/v2\/media?parent=46139"}],"wp:term":[{"taxonomy":"category","embeddable":true,"href":"https:\/\/linitiative.ca\/International\/wp-json\/wp\/v2\/categories?post=46139"},{"taxonomy":"post_tag","embeddable":true,"href":"https:\/\/linitiative.ca\/International\/wp-json\/wp\/v2\/tags?post=46139"}],"curies":[{"name":"wp","href":"https:\/\/api.w.org\/{rel}","templated":true}]}}