{"id":46140,"date":"2019-07-13T19:00:00","date_gmt":"2019-07-13T23:00:00","guid":{"rendered":"https:\/\/linitiative.ca\/International\/modernisation-des-infrastructures-hotelieres-a-un-stade-tres-avance\/"},"modified":"2019-07-13T19:00:00","modified_gmt":"2019-07-13T23:00:00","slug":"modernisation-des-infrastructures-hotelieres-a-un-stade-tres-avance","status":"publish","type":"post","link":"https:\/\/linitiative.ca\/International\/modernisation-des-infrastructures-hotelieres-a-un-stade-tres-avance\/","title":{"rendered":"Modernisation des infrastructures h\u00f4teli\u00e8res : \u00c0 un stade tr\u00e8s avanc\u00e9"},"content":{"rendered":"<p><strong>\u00abL\u2019op\u00e9ration de r\u00e9habilitation et de modernisation des infrastructures h\u00f4teli\u00e8res publiques est quasi achev\u00e9e et enregistre un taux de r\u00e9alisation tr\u00e8s avanc\u00e9\u00bb, a indiqu\u00e9 le ministre du Tourisme et de l&rsquo;Artisanat,\u00a0 Abdelkader Benmessaoud, dans une d\u00e9claration \u00e0 la presse, en marge d\u2019une visite de travail \u00e0 Boumerd\u00e8s.<\/strong><\/p>\n<p>Il a fait part, au titre des efforts de dotation de ces nouvelles infrastructures, en ressources humaines qualifi\u00e9es aptes \u00e0 garantir des prestations h\u00f4teli\u00e8res de niveau, de la signature d\u2019\u00abun nombre de conventions de partenariat avec le secteur de la Formation professionnelle\u00bb, en vue de fournir, \u00abdans les plus brefs d\u00e9lais possibles\u00bb, une \u00abmain-d\u2019\u0153uvre comp\u00e9tente apte \u00e0 assurer leur bon encadrement\u00bb, a-t-il affirm\u00e9. \u00abLe facteur formation est essentiel dans le d\u00e9veloppement et la promotion des prestations touristiques \u00e0 travers le pays\u00bb, a-t-il insist\u00e9, \u00e0 ce sujet, lors de son inspection de l\u2019Institut national sp\u00e9cialis\u00e9 de formation professionnelle en h\u00f4tellerie, tourisme et m\u00e9tiers de l\u2019artisanat d\u2019El-Kerma, \u00e0 Boumerd\u00e8s. Il a rappel\u00e9 l\u2019approbation, en 2018, d\u2019une convention sign\u00e9e entre son d\u00e9partement minist\u00e9riel et le minist\u00e8re de la Formation professionnelle, portant, a-t-il dit, \u00absur l\u2019engagement de l\u2019Institut d\u2019El-Kerma \u00e0 la formation externe et interne des employ\u00e9s des \u00e9tablissements h\u00f4teliers et touristiques publics et priv\u00e9s\u00bb. La wilaya de Boumerd\u00e8s dispose de ressources touristiques naturelles (for\u00eats, plages, environnement) augurant d\u2019un \u00abavenir touristique des plus prometteurs\u00bb, a estim\u00e9, par ailleurs, le ministre. \u00abLe cr\u00e9dit bancaire est imp\u00e9ratif et in\u00e9vitable pour le d\u00e9veloppement du secteur\u00bb a d\u00e9clar\u00e9, sur un autre plan, M. Benmessaoud, soulignant le r\u00f4le d\u2019\u00abaccompagnateur et de facilitateur\u00bb, assur\u00e9 par son d\u00e9partement aux investisseurs du domaine. Il a, \u00e0 cet effet, lou\u00e9 les \u00abefforts consentis par l\u2019\u00c9tat au profit des investisseurs, \u00e0 travers, notamment, a-t-il dit, la libert\u00e9 de financement et d\u2019accompagnement accord\u00e9e aux banques\u00bb, qui ont contribu\u00e9, \u00e0 ce jour, \u00e0 \u00abla r\u00e9alisation de 800 \u00e0 900 \u00e9tablissements h\u00f4teliers \u00e0 travers le pays\u00bb, a-t-il fait savoir.<br \/>\u00a0<\/p>\n<p>Auteur: elmoudjahid<br \/>\n<a href=\"http:\/\/www.elmoudjahid.com\/fr\/actualites\/139253\">Cliquez ici pour lire l&rsquo;article depuis sa source.<\/a><\/p>\n","protected":false},"excerpt":{"rendered":"<p>\u00abL\u2019op\u00e9ration de r\u00e9habilitation et de modernisation des infrastructures h\u00f4teli\u00e8res publiques est quasi achev\u00e9e et enregistre un taux de r\u00e9alisation tr\u00e8s avanc\u00e9\u00bb, a indiqu\u00e9 le ministre du Tourisme et de l&rsquo;Artisanat,\u00a0 Abdelkader Benmessaoud, dans une d\u00e9claration \u00e0 la presse, en marge d\u2019une visite de travail \u00e0 Boumerd\u00e8s. Il a fait part, au titre des efforts de [&hellip;]<\/p>\n","protected":false},"author":1744,"featured_media":0,"comment_status":"closed","ping_status":"closed","sticky":false,"template":"","format":"standard","meta":{"fifu_image_url":"","fifu_image_alt":"","footnotes":""},"categories":[73,53],"tags":[],"class_list":["post-46140","post","type-post","status-publish","format-standard","hentry","category-actualite","category-algerie"],"_links":{"self":[{"href":"https:\/\/linitiative.ca\/International\/wp-json\/wp\/v2\/posts\/46140","targetHints":{"allow":["GET"]}}],"collection":[{"href":"https:\/\/linitiative.ca\/International\/wp-json\/wp\/v2\/posts"}],"about":[{"href":"https:\/\/linitiative.ca\/International\/wp-json\/wp\/v2\/types\/post"}],"author":[{"embeddable":true,"href":"https:\/\/linitiative.ca\/International\/wp-json\/wp\/v2\/users\/1744"}],"replies":[{"embeddable":true,"href":"https:\/\/linitiative.ca\/International\/wp-json\/wp\/v2\/comments?post=46140"}],"version-history":[{"count":0,"href":"https:\/\/linitiative.ca\/International\/wp-json\/wp\/v2\/posts\/46140\/revisions"}],"wp:attachment":[{"href":"https:\/\/linitiative.ca\/International\/wp-json\/wp\/v2\/media?parent=46140"}],"wp:term":[{"taxonomy":"category","embeddable":true,"href":"https:\/\/linitiative.ca\/International\/wp-json\/wp\/v2\/categories?post=46140"},{"taxonomy":"post_tag","embeddable":true,"href":"https:\/\/linitiative.ca\/International\/wp-json\/wp\/v2\/tags?post=46140"}],"curies":[{"name":"wp","href":"https:\/\/api.w.org\/{rel}","templated":true}]}}