{"id":46141,"date":"2019-07-13T19:00:00","date_gmt":"2019-07-13T23:00:00","guid":{"rendered":"https:\/\/linitiative.ca\/International\/securite-de-larmee-creation-dun-service-central-de-police-judiciaire\/"},"modified":"2019-07-13T19:00:00","modified_gmt":"2019-07-13T23:00:00","slug":"securite-de-larmee-creation-dun-service-central-de-police-judiciaire","status":"publish","type":"post","link":"https:\/\/linitiative.ca\/International\/securite-de-larmee-creation-dun-service-central-de-police-judiciaire\/","title":{"rendered":"S\u00e9curit\u00e9 de l\u2019arm\u00e9e  : Cr\u00e9ation d\u2019un service central de police judiciaire"},"content":{"rendered":"<p>Un service central de police judiciaire de la s\u00e9curit\u00e9 de l\u2019arm\u00e9e, charg\u00e9 de constater les infractions relevant de la comp\u00e9tence de la justice militaire et celles li\u00e9es \u00e0 l&rsquo;atteinte \u00e0 la s\u00fbret\u00e9 de l\u2019Etat, a \u00e9t\u00e9 cr\u00e9\u00e9 par un d\u00e9cret pr\u00e9sidentiel publi\u00e9 dans le dernier num\u00e9ro du Journal officiel.<br \/>Ce service central est dirig\u00e9 par un officier sup\u00e9rieur nomm\u00e9 conform\u00e9ment aux dispositions r\u00e9glementaires au sein du minist\u00e8re de la D\u00e9fense nationale, pr\u00e9cise le d\u00e9cret portant cr\u00e9ation, missions et organisation de cette entit\u00e9.<br \/>Le d\u00e9cret pr\u00e9cise que ce service, qui dispose de structures de police judiciaire aux niveaux central, r\u00e9gional et local, \u00abest charg\u00e9 de la recherche et de la constatation des infractions relevant de la comp\u00e9tence de la justice militaire et les infractions d\u2019atteinte \u00e0 la s\u00fbret\u00e9 de l\u2019\u00c9tat\u00bb. Les activit\u00e9s de cette structure sont exerc\u00e9es conform\u00e9ment aux dispositions du code de justice militaire et du code de proc\u00e9dure p\u00e9nale, selon la m\u00eame source. Les missions et l\u2019organisation des composantes des structures de ce service central sont fix\u00e9es par arr\u00eat\u00e9s du ministre de la D\u00e9fense nationale, stipule l&rsquo;article 6 de ce d\u00e9cret pr\u00e9sidentiel.<\/p>\n<p>Auteur: elmoudjahid<br \/>\n<a href=\"http:\/\/www.elmoudjahid.com\/fr\/actualites\/139254\">Cliquez ici pour lire l&rsquo;article depuis sa source.<\/a><\/p>\n","protected":false},"excerpt":{"rendered":"<p>Un service central de police judiciaire de la s\u00e9curit\u00e9 de l\u2019arm\u00e9e, charg\u00e9 de constater les infractions relevant de la comp\u00e9tence de la justice militaire et celles li\u00e9es \u00e0 l&rsquo;atteinte \u00e0 la s\u00fbret\u00e9 de l\u2019Etat, a \u00e9t\u00e9 cr\u00e9\u00e9 par un d\u00e9cret pr\u00e9sidentiel publi\u00e9 dans le dernier num\u00e9ro du Journal officiel.Ce service central est dirig\u00e9 par un [&hellip;]<\/p>\n","protected":false},"author":1744,"featured_media":0,"comment_status":"closed","ping_status":"closed","sticky":false,"template":"","format":"standard","meta":{"fifu_image_url":"","fifu_image_alt":"","footnotes":""},"categories":[73,53],"tags":[],"class_list":["post-46141","post","type-post","status-publish","format-standard","hentry","category-actualite","category-algerie"],"_links":{"self":[{"href":"https:\/\/linitiative.ca\/International\/wp-json\/wp\/v2\/posts\/46141","targetHints":{"allow":["GET"]}}],"collection":[{"href":"https:\/\/linitiative.ca\/International\/wp-json\/wp\/v2\/posts"}],"about":[{"href":"https:\/\/linitiative.ca\/International\/wp-json\/wp\/v2\/types\/post"}],"author":[{"embeddable":true,"href":"https:\/\/linitiative.ca\/International\/wp-json\/wp\/v2\/users\/1744"}],"replies":[{"embeddable":true,"href":"https:\/\/linitiative.ca\/International\/wp-json\/wp\/v2\/comments?post=46141"}],"version-history":[{"count":0,"href":"https:\/\/linitiative.ca\/International\/wp-json\/wp\/v2\/posts\/46141\/revisions"}],"wp:attachment":[{"href":"https:\/\/linitiative.ca\/International\/wp-json\/wp\/v2\/media?parent=46141"}],"wp:term":[{"taxonomy":"category","embeddable":true,"href":"https:\/\/linitiative.ca\/International\/wp-json\/wp\/v2\/categories?post=46141"},{"taxonomy":"post_tag","embeddable":true,"href":"https:\/\/linitiative.ca\/International\/wp-json\/wp\/v2\/tags?post=46141"}],"curies":[{"name":"wp","href":"https:\/\/api.w.org\/{rel}","templated":true}]}}