{"id":46143,"date":"2019-07-13T19:00:00","date_gmt":"2019-07-13T23:00:00","guid":{"rendered":"https:\/\/linitiative.ca\/International\/arret-du-telepherique-el-hamma-el-madania-55-personnes-sauvees\/"},"modified":"2019-07-13T19:00:00","modified_gmt":"2019-07-13T23:00:00","slug":"arret-du-telepherique-el-hamma-el-madania-55-personnes-sauvees","status":"publish","type":"post","link":"https:\/\/linitiative.ca\/International\/arret-du-telepherique-el-hamma-el-madania-55-personnes-sauvees\/","title":{"rendered":"Arr\u00eat du t\u00e9l\u00e9ph\u00e9rique : El-Hamma &#8211; El-Madania  55 personnes sauv\u00e9es"},"content":{"rendered":"<p>\u00a0Les services de la Protection civile de la wilaya d\u2019Alger ont proc\u00e9d\u00e9 \u00e0 l\u2019\u00e9vacuation de 55 personnes bloqu\u00e9es \u00e0 l\u2019int\u00e9rieur de deux cabines du t\u00e9l\u00e9ph\u00e9rique reliant Belouizdad \u00e0 Ryadh El-Feth, au niveau de la station du Jardin d\u2019Essai, sans enregistrer de pertes humaines ni mat\u00e9rielles. L\u2019op\u00e9ration a mobilis\u00e9 des camions \u00e9chelle et des ambulances. Les voyageurs \u00e9vacu\u00e9s ont \u00e9t\u00e9 pris en charge. \u00c0 ce propos, l\u2019Entreprise M\u00e9tro d\u2019Alger (EMA) et l\u2019Entreprise de Transport Alg\u00e9rien par C\u00e2ble (ETAC) ont indiqu\u00e9 que \u00abpour des raisons de s\u00e9curit\u00e9, l\u2019appareil a d\u00fb \u00eatre immobilis\u00e9 et une \u00e9vacuation verticale a \u00e9t\u00e9 r\u00e9alis\u00e9e en partenariat avec la Protection civile\u00bb, \u00ables 55 passagers des deux cabines ont \u00e9t\u00e9 \u00e9vacu\u00e9s dans les meilleures conditions, conform\u00e9ment au protocole r\u00e8glementaire en vigueur\u00bb. \u00abDes bus de substitution ont \u00e9t\u00e9 mis en place \u00e0 partir de 15h, et ce transport sera assur\u00e9 jusqu\u2019\u00e0 ce que le t\u00e9l\u00e9ph\u00e9rique du M\u00e9morial sera remis en exploitation.<\/p>\n<p>Auteur: elmoudjahid<br \/>\n<a href=\"http:\/\/www.elmoudjahid.com\/fr\/actualites\/139256\">Cliquez ici pour lire l&rsquo;article depuis sa source.<\/a><\/p>\n","protected":false},"excerpt":{"rendered":"<p>\u00a0Les services de la Protection civile de la wilaya d\u2019Alger ont proc\u00e9d\u00e9 \u00e0 l\u2019\u00e9vacuation de 55 personnes bloqu\u00e9es \u00e0 l\u2019int\u00e9rieur de deux cabines du t\u00e9l\u00e9ph\u00e9rique reliant Belouizdad \u00e0 Ryadh El-Feth, au niveau de la station du Jardin d\u2019Essai, sans enregistrer de pertes humaines ni mat\u00e9rielles. L\u2019op\u00e9ration a mobilis\u00e9 des camions \u00e9chelle et des ambulances. Les [&hellip;]<\/p>\n","protected":false},"author":1744,"featured_media":0,"comment_status":"closed","ping_status":"closed","sticky":false,"template":"","format":"standard","meta":{"fifu_image_url":"","fifu_image_alt":"","footnotes":""},"categories":[73,53],"tags":[],"class_list":["post-46143","post","type-post","status-publish","format-standard","hentry","category-actualite","category-algerie"],"_links":{"self":[{"href":"https:\/\/linitiative.ca\/International\/wp-json\/wp\/v2\/posts\/46143","targetHints":{"allow":["GET"]}}],"collection":[{"href":"https:\/\/linitiative.ca\/International\/wp-json\/wp\/v2\/posts"}],"about":[{"href":"https:\/\/linitiative.ca\/International\/wp-json\/wp\/v2\/types\/post"}],"author":[{"embeddable":true,"href":"https:\/\/linitiative.ca\/International\/wp-json\/wp\/v2\/users\/1744"}],"replies":[{"embeddable":true,"href":"https:\/\/linitiative.ca\/International\/wp-json\/wp\/v2\/comments?post=46143"}],"version-history":[{"count":0,"href":"https:\/\/linitiative.ca\/International\/wp-json\/wp\/v2\/posts\/46143\/revisions"}],"wp:attachment":[{"href":"https:\/\/linitiative.ca\/International\/wp-json\/wp\/v2\/media?parent=46143"}],"wp:term":[{"taxonomy":"category","embeddable":true,"href":"https:\/\/linitiative.ca\/International\/wp-json\/wp\/v2\/categories?post=46143"},{"taxonomy":"post_tag","embeddable":true,"href":"https:\/\/linitiative.ca\/International\/wp-json\/wp\/v2\/tags?post=46143"}],"curies":[{"name":"wp","href":"https:\/\/api.w.org\/{rel}","templated":true}]}}