{"id":46144,"date":"2019-07-13T19:00:00","date_gmt":"2019-07-13T23:00:00","guid":{"rendered":"https:\/\/linitiative.ca\/International\/commentaire-protection-et-accompagnement\/"},"modified":"2019-07-13T19:00:00","modified_gmt":"2019-07-13T23:00:00","slug":"commentaire-protection-et-accompagnement","status":"publish","type":"post","link":"https:\/\/linitiative.ca\/International\/commentaire-protection-et-accompagnement\/","title":{"rendered":"Commentaire : Protection  et accompagnement"},"content":{"rendered":"<p>Le d\u00e9bat et la concertation seront prochainement relanc\u00e9s autour de la protection des personnes handicap\u00e9es. Les consultations programm\u00e9es porteront, entre autres, sur la r\u00e9vision de la loi 02-09 de mai 2002 relative \u00e0 la protection et \u00e0 la promotion de la personne handicap\u00e9e. C\u2019est la ministre de la Solidarit\u00e9 nationale en personne qui l\u2019a annonc\u00e9, jeudi, en marge d\u2019une c\u00e9r\u00e9monie de sortie de la 33e promotion des \u00e9tudiants des centres sp\u00e9cialis\u00e9s de son secteur. Cette r\u00e9vision entre dans le cadre de renforcement de la l\u00e9gislation r\u00e9gissant la protection et l\u2019accompagnement de cette cat\u00e9gorie vuln\u00e9rable de la soci\u00e9t\u00e9. \u00c0 travers cette action, les pouvoirs publics, qui attachent une attention particuli\u00e8re aux personnes handicap\u00e9es, veulent engager un d\u00e9bat large et ouvert auquel prendront part les acteurs et les repr\u00e9sentants des diff\u00e9rentes organisations et associations de d\u00e9fense de cette cat\u00e9gorie sociale. Il s\u2019agit de recueillir le maximum d\u2019avis et de propositions utiles et int\u00e9ressants pour les introduire sous forme d\u2019amendements \u00e0 la loi, qui fera prochainement l\u2019objet d\u2019une profonde r\u00e9vision. En plus de leur droits garantis par la loi, les pouvoirs publics \u0153uvrent sans cesse pour am\u00e9liorer la qualit\u00e9 des services et offerts sur tous les plans \u00e0 ces personnes vuln\u00e9rables. Les amendements qui y seront introduits auront pour objectif de renforcer la protection sociale des personnes handicap\u00e9es. Il est attendu, \u00e0 travers les changements pr\u00e9vus, d\u2019adapter la l\u00e9gislation en vigueur aux exigences qu\u2019imposent les \u00e9volutions \u00e9conomiques et sociales enregistr\u00e9es depuis la promulgation de la loi objet de r\u00e9vision. Depuis 2002, ann\u00e9e de l\u2019adoption de la loi 02-09, la situation a connu des changements et des d\u00e9veloppements, ce qui a pouss\u00e9 certainement les pouvoirs publics \u00e0 engager une profonde r\u00e9flexion pour la r\u00e9vision de la loi-cadre, en vue d\u2019introduire des amendements et des ajustements n\u00e9cessaires qui vont dans le sens d\u2019une am\u00e9lioration et d\u2019un meilleur accompagnement de cette cat\u00e9gorie sociale. Une action qui vient une nouvelle fois prouver toute l\u2019attention et l\u2019importance qu\u2019attache l\u2019\u00c9tat, \u00e0 travers le minist\u00e8re de la Solidarit\u00e9 nationale, aux personnes handicap\u00e9es, dans le cadre d\u2019une politique sociale forte et audacieuse. Outre les personnes handicap\u00e9es, qui b\u00e9n\u00e9ficient d\u2019importantes mesures d\u2019aide et d\u2019accompagnement, il y a lieu de citer d\u2019autres cat\u00e9gories sociales sur lesquelles l\u2019\u00c9tat veille perp\u00e9tuellement : les personnes \u00e2g\u00e9es et les enfants. On annonce, \u00e0 ce sujet, la prochaine promulgation des textes d\u2019application des lois sur les personnes \u00e2g\u00e9es et celle de l\u2019enfant, dans le cadre de renforcement de l\u2019arsenal juridique et l\u00e9gislatif pour une meilleure et efficace protection des cat\u00e9gories concern\u00e9es. Force est de relever que ces efforts d\u00e9ploy\u00e9s par les pouvoirs publics touchent quasiment tous les aspects de la vie quotidienne des personnes vuln\u00e9rables, pour leur garantir meilleurs soutien et accompagnement.<br \/>La ministre du secteur, Mme Eddalia, a d\u2019ailleurs saisi l\u2019occasion de cette c\u00e9r\u00e9monie, pour annoncer que \u00able r\u00e9seau des \u00e9tablissements sp\u00e9cialis\u00e9s a \u00e9t\u00e9 renforc\u00e9 par un nouveau type de structures, \u00e0 l&rsquo;instar des Services d&rsquo;aide mobile d&rsquo;urgence (SAMU) pour la prise en charge des sans-abri et les bureaux de m\u00e9diation sociale et familiale au niveau des Directions de l&rsquo;action sociale (DAS)\u00bb. Une nouveaut\u00e9 d\u00e9cid\u00e9e dans le cadre de l\u2019am\u00e9lioration des services et la modernisation des infrastructures d\u2019accueil et de prise en charge de ces cat\u00e9gories sociales. Il est important \u00e0 signaler qu\u2019en mati\u00e8re de protection sociale des personnes vuln\u00e9rables, l\u2019Alg\u00e9rie a enregistr\u00e9 des progr\u00e8s significatifs, ces derni\u00e8res ann\u00e9es, et ce \u00e0 travers toutes les formes de soutien, de prises en charge et d\u2019accompagnement active et permanente de ces couches sociales. Ce volet social est consid\u00e9r\u00e9 comme un axe central de la politique de l\u2019\u00c9tat qui fait de la cause des personnes vuln\u00e9rables, une pr\u00e9occupation majeure. Les actions d\u00e9cid\u00e9es en direction de cette cat\u00e9gorie sociale n\u2019\u00e9pargnent aucun aspect ni volet, tant sur le plan mat\u00e9riel et financier, que sur celui des infrastructures et des structures d\u2019accueil, sans oublier le c\u00f4t\u00e9 psychologique, dont le r\u00f4le est \u00e9minemment important. D\u2019ailleurs, le minist\u00e8re de la Solidarit\u00e9 nationale accorde une importance particuli\u00e8re au volet formation du personnel de son secteur, pour former des agents sp\u00e9cialis\u00e9s et dot\u00e9s de dipl\u00f4mes dans l\u2019action sociale, en vue de garantir un meilleur accueil, une prise en charge de qualit\u00e9 et un accompagnement ad\u00e9quat des personnes vuln\u00e9rables. C\u2019est ce qui d\u00e9montre que la protection sociale de ces couches est une politique globale r\u00e9fl\u00e9chie qui se d\u00e9cline en plusieurs volets. La perspective de la tenue des Assises r\u00e9gionales, puis nationales, ainsi que la r\u00e9vision de la loi 02-09 et la promulgation des textes d\u2019application d\u2019autres lois offrent certainement une occasion pour approfondir la r\u00e9flexion sur les actions \u00e0 entreprendre et les am\u00e9liorations \u00e0 introduire dans les dispositifs l\u00e9gislatifs et r\u00e9glementaires, \u00e0 m\u00eame de mieux prot\u00e9ger, soutenir et accompagner dans la dignit\u00e9 ces cat\u00e9gories sociales de la population. Plus qu\u2019une pr\u00e9occupation, c\u2019est un d\u00e9fi constant \u00e0 relever.<br \/><strong>M. Oumalek<\/strong><\/p>\n<p>Auteur: elmoudjahid<br \/>\n<a href=\"http:\/\/www.elmoudjahid.com\/fr\/actualites\/139257\">Cliquez ici pour lire l&rsquo;article depuis sa source.<\/a><\/p>\n","protected":false},"excerpt":{"rendered":"<p>Le d\u00e9bat et la concertation seront prochainement relanc\u00e9s autour de la protection des personnes handicap\u00e9es. Les consultations programm\u00e9es porteront, entre autres, sur la r\u00e9vision de la loi 02-09 de mai 2002 relative \u00e0 la protection et \u00e0 la promotion de la personne handicap\u00e9e. C\u2019est la ministre de la Solidarit\u00e9 nationale en personne qui l\u2019a annonc\u00e9, [&hellip;]<\/p>\n","protected":false},"author":1744,"featured_media":0,"comment_status":"closed","ping_status":"closed","sticky":false,"template":"","format":"standard","meta":{"fifu_image_url":"","fifu_image_alt":"","footnotes":""},"categories":[73,53],"tags":[],"class_list":["post-46144","post","type-post","status-publish","format-standard","hentry","category-actualite","category-algerie"],"_links":{"self":[{"href":"https:\/\/linitiative.ca\/International\/wp-json\/wp\/v2\/posts\/46144","targetHints":{"allow":["GET"]}}],"collection":[{"href":"https:\/\/linitiative.ca\/International\/wp-json\/wp\/v2\/posts"}],"about":[{"href":"https:\/\/linitiative.ca\/International\/wp-json\/wp\/v2\/types\/post"}],"author":[{"embeddable":true,"href":"https:\/\/linitiative.ca\/International\/wp-json\/wp\/v2\/users\/1744"}],"replies":[{"embeddable":true,"href":"https:\/\/linitiative.ca\/International\/wp-json\/wp\/v2\/comments?post=46144"}],"version-history":[{"count":0,"href":"https:\/\/linitiative.ca\/International\/wp-json\/wp\/v2\/posts\/46144\/revisions"}],"wp:attachment":[{"href":"https:\/\/linitiative.ca\/International\/wp-json\/wp\/v2\/media?parent=46144"}],"wp:term":[{"taxonomy":"category","embeddable":true,"href":"https:\/\/linitiative.ca\/International\/wp-json\/wp\/v2\/categories?post=46144"},{"taxonomy":"post_tag","embeddable":true,"href":"https:\/\/linitiative.ca\/International\/wp-json\/wp\/v2\/tags?post=46144"}],"curies":[{"name":"wp","href":"https:\/\/api.w.org\/{rel}","templated":true}]}}