{"id":46147,"date":"2019-07-14T07:00:32","date_gmt":"2019-07-14T11:00:32","guid":{"rendered":"https:\/\/linitiative.ca\/International\/91883-can-2019-demi-finales-algerie-nigeria-j-1-declarations-des-joueurs\/"},"modified":"2019-07-14T07:00:32","modified_gmt":"2019-07-14T11:00:32","slug":"91883-can-2019-demi-finales-algerie-nigeria-j-1-declarations-des-joueurs","status":"publish","type":"post","link":"https:\/\/linitiative.ca\/International\/91883-can-2019-demi-finales-algerie-nigeria-j-1-declarations-des-joueurs\/","title":{"rendered":"CAN-2019 (demi-finales)\/Alg\u00e9rie-Nigeria (J-1): d\u00e9clarations des joueurs"},"content":{"rendered":"<div>\n<div class=\"K2FeedImage\"><img decoding=\"async\" src=\"http:\/\/www.aps.dz\/media\/k2\/items\/cache\/9007f5af1ed9760c47041d12b8243c5a_S.jpg\" alt=\"CAN-2019 (demi-finales)\/Alg\u00e9rie-Nigeria (J-1): d\u00e9clarations des joueurs\"><\/div>\n<div class=\"K2FeedIntroText\">\n<p><strong>LE CAIRE &#8211; D\u00e9clarations des joueurs de l\u2019\u00e9quipe nationale de football, recueillies ce samedi par l\u2019APS, dans la\u00a0 zone mixte organis\u00e9e avec la presse, peu avant le d\u00e9but de la derni\u00e8re s\u00e9ance d\u2019entrainement effectu\u00e9e au stade Petrosport du Caire, \u00e0 24 heures du match face au Nigeria, dimanche au stade international du Caire (20h00, alg\u00e9riennes), comptant pour les demi-finales de la CAN-2019 en Egypte (21 juin \u2013 19 juillet) :<\/strong><\/p>\n<\/div>\n<div class=\"K2FeedFullText\">\n<p>\u00a0<\/p>\n<p><strong>&#8211; Youcef Bela\u00efli (attaquant) :<\/strong> \u00a0\u00bb Notre moral est au beau fixe. Nous allons aborder cette demi-finale avec la ferme et unique intention de r\u00e9aliser quelque chose de grandiose et arracher notre qualification pour la finale. En quarts de finale face \u00e0 la C\u00f4te d\u2019Ivoire (1-1, aux t.a.b : 4-3 \u00e0 Suez, ndlr), c\u2019\u00e9tait la premi\u00e8re fois depuis le d\u00e9but du tournoi que nous jouions \u00e0 18h00, il faisait tr\u00e8s chaud et trop humide. Dieu merci, nous avons bien r\u00e9cup\u00e9r\u00e9 sur le plan physique, gr\u00e2ce notamment au concours du staff m\u00e9dical qui nous a beaucoup aid\u00e9s. Nous formons un groupe uni et soud\u00e9, notre objectif est de d\u00e9crocher le troph\u00e9e pour l\u2019offrir \u00e0 notre peuple. Les supporters qui ont effectu\u00e9 le d\u00e9placement\u00a0 seront d\u2019un pr\u00e9cieux apport pour nous, cela va nous galvaniser pour tout donner face au Nigeria. Enfin, nous regrettons tous l\u2019absence de Youcef Atal, nous allons y mettre du coeur\u00a0 pour lui d\u00e9dier la qualification inchallah \u00ab\u00a0.<\/p>\n<p>\u00a0<\/p>\n<p><strong>&#8211; A\u00efssa Mandi (d\u00e9fenseur) :<\/strong> \u00a0\u00bb Avant le d\u00e9but du tournoi, on aurait tout donn\u00e9 pour jouer une demi-finale de la CAN. Nous allons essayer de bien se pr\u00e9parer d\u2019ici le match de demain, d\u2019autant que nous n\u2019avons pas eu assez de temps pour le faire. J\u2019ai d\u00e9j\u00e0 affront\u00e9 cette \u00e9quipe nig\u00e9riane, ils n\u2019ont pas la m\u00eame \u00e9quipe, ils ont chang\u00e9. Nous allons laisser le pass\u00e9 de c\u00f4t\u00e9 et se concentrer sur le match de dimanche. Concernant le forfait d\u2019Atal, Youcef reste Youcef, c\u2019est un plaisir de l\u2019avoir dans le groupe, il est toujours l\u00e0 pour avoir le sourire, pour rigoler. Nous sommes tous tristes de sa blessure, c\u2019est un \u00e9l\u00e9ment important du groupe, nous allons essayer de gagner pour lui inchallah. Ca ne m\u2019\u00e9tonne pas de voir la pr\u00e9sence massive de nos supporters ici au Caire, ils sont connus par leur ferveur, surtout pour une demi-finale de la CAN. Nous allons essayer de mettre l\u2019aspect de la fatigue de c\u00f4t\u00e9 pour tout donner lors de cette demi-finale\u00a0\u00bb.<\/p>\n<\/div>\n<p><img loading=\"lazy\" decoding=\"async\" src=\"http:\/\/feeds.feedburner.com\/~r\/aps-sport\/~4\/CMAU6eoKkbs\" height=\"1\" width=\"1\" alt=\"\"><\/div>\n<p>Auteur:<br \/>\n<a href=\"http:\/\/www.aps.dz\/sport\/91883-can-2019-demi-finales-algerie-nigeria-j-1-declarations-des-joueurs?utm_source=feedburner&#038;utm_medium=feed&#038;utm_campaign=Feed%3A+aps-sport+%28APS+-+SPORT%29\">Cliquez ici pour lire l&rsquo;article depuis sa source.<\/a><\/p>\n","protected":false},"excerpt":{"rendered":"<p>LE CAIRE &#8211; D\u00e9clarations des joueurs de l\u2019\u00e9quipe nationale de football, recueillies ce samedi par l\u2019APS, dans la\u00a0 zone mixte organis\u00e9e avec la presse, peu avant le d\u00e9but de la derni\u00e8re s\u00e9ance d\u2019entrainement effectu\u00e9e au stade Petrosport du Caire, \u00e0 24 heures du match face au Nigeria, dimanche au stade international du Caire (20h00, alg\u00e9riennes), [&hellip;]<\/p>\n","protected":false},"author":1790,"featured_media":46148,"comment_status":"closed","ping_status":"closed","sticky":false,"template":"","format":"standard","meta":{"fifu_image_url":"","fifu_image_alt":"","footnotes":""},"categories":[53,75],"tags":[],"class_list":["post-46147","post","type-post","status-publish","format-standard","has-post-thumbnail","hentry","category-algerie","category-sport"],"_links":{"self":[{"href":"https:\/\/linitiative.ca\/International\/wp-json\/wp\/v2\/posts\/46147","targetHints":{"allow":["GET"]}}],"collection":[{"href":"https:\/\/linitiative.ca\/International\/wp-json\/wp\/v2\/posts"}],"about":[{"href":"https:\/\/linitiative.ca\/International\/wp-json\/wp\/v2\/types\/post"}],"author":[{"embeddable":true,"href":"https:\/\/linitiative.ca\/International\/wp-json\/wp\/v2\/users\/1790"}],"replies":[{"embeddable":true,"href":"https:\/\/linitiative.ca\/International\/wp-json\/wp\/v2\/comments?post=46147"}],"version-history":[{"count":0,"href":"https:\/\/linitiative.ca\/International\/wp-json\/wp\/v2\/posts\/46147\/revisions"}],"wp:featuredmedia":[{"embeddable":true,"href":"https:\/\/linitiative.ca\/International\/wp-json\/"}],"wp:attachment":[{"href":"https:\/\/linitiative.ca\/International\/wp-json\/wp\/v2\/media?parent=46147"}],"wp:term":[{"taxonomy":"category","embeddable":true,"href":"https:\/\/linitiative.ca\/International\/wp-json\/wp\/v2\/categories?post=46147"},{"taxonomy":"post_tag","embeddable":true,"href":"https:\/\/linitiative.ca\/International\/wp-json\/wp\/v2\/tags?post=46147"}],"curies":[{"name":"wp","href":"https:\/\/api.w.org\/{rel}","templated":true}]}}