{"id":46149,"date":"2019-07-14T07:12:33","date_gmt":"2019-07-14T11:12:33","guid":{"rendered":"https:\/\/linitiative.ca\/International\/91884-karate-do-championnats-d-afrique-2e-j-l-algerie-porte-son-capital-a-12-medailles\/"},"modified":"2019-07-14T07:12:33","modified_gmt":"2019-07-14T11:12:33","slug":"91884-karate-do-championnats-d-afrique-2e-j-l-algerie-porte-son-capital-a-12-medailles","status":"publish","type":"post","link":"https:\/\/linitiative.ca\/International\/91884-karate-do-championnats-d-afrique-2e-j-l-algerie-porte-son-capital-a-12-medailles\/","title":{"rendered":"Karat\u00e9 do\/Championnats d&rsquo;Afrique (2e j): l&rsquo;Alg\u00e9rie porte son capital \u00e0 12 m\u00e9dailles"},"content":{"rendered":"<div>\n<div class=\"K2FeedImage\"><img decoding=\"async\" src=\"http:\/\/www.aps.dz\/media\/k2\/items\/cache\/fa918a8ff25fcf1a4be719e7bd64cd6e_S.jpg\" alt=\"Karat\u00e9 do\/Championnats d'Afrique (2e j): l'Alg\u00e9rie porte son capital \u00e0 12 m\u00e9dailles\"><\/div>\n<div class=\"K2FeedIntroText\">\n<p><strong>GABORONE &#8211; La s\u00e9lection alg\u00e9rienne (messieurs\/dames) de Karat\u00e9 do a port\u00e9 son capital \u00e0 12 m\u00e9dailles aux Championnats d&rsquo;Afrique (juniors\/seniors), \u00e0 l&rsquo;issue de la deuxi\u00e8me journ\u00e9e de cette comp\u00e9tition, qui se d\u00e9roulent du 12 au 14 juillet 2019 \u00e0 Gaborone (Botswana).<\/strong><\/p>\n<\/div>\n<div class=\"K2FeedFullText\">\n<p>En effet, aux cinq premi\u00e8res m\u00e9dailles, remport\u00e9es la veille (2 argent et 3 bronze), les Verts ont moissonn\u00e9 sept nouvelles breloques samedi (4 argent et 3 bronze), portant ainsi leur capital \u00e0 12 m\u00e9dailles depuis l&rsquo;entame de la comp\u00e9tition.<\/p>\n<p>Les breloques en argent ont \u00e9t\u00e9 l&rsquo;oeuvre de Lamya Matoub, Hocine Da\u00efkhi, Cha\u00efma Ma\u00efdi et Widad Deraou, au moment o\u00f9 leurs compatriotes Samy Brahimi, Im\u00e8ne Taleb et Yanis Tas se sont content\u00e9s du bronze.<\/p>\n<p>Vendredi, la premi\u00e8re m\u00e9daille alg\u00e9rienne a \u00e9t\u00e9 l&rsquo;\u0153uvre du jeune prometteur, Yanis Tas, qui avant sa m\u00e9daille de bronze en\u00a0 avait d\u00e9j\u00e0 remport\u00e9 une en argent en kunimt\u00e9.<\/p>\n<p>Apr\u00e8s, ce fut au tour du trio f\u00e9minin Kamelia Hadj-Sa\u00efd, Rayane Slakdji et Sarah Hanouti de d\u00e9crocher la m\u00e9daille d&rsquo;argent aux \u00e9preuves de kata \u00ab\u00a0par \u00e9quipes\u00a0\u00bb, derri\u00e8re le Maroc.<\/p>\n<p>Kamelia Hadj-Sa\u00efd a \u00e9galement d\u00e9croch\u00e9 une m\u00e9daille de bronze aux \u00e9preuves de kata individuel, la deuxi\u00e8me m\u00e9daille personnelle pour l&rsquo;Alg\u00e9rienne, qui fait son retour sur la sc\u00e8ne africaine.<\/p>\n<p>Les deux autres m\u00e9dailles de bronze ont \u00e9t\u00e9 r\u00e9colt\u00e9es par Anis Ahbab au kata individuel et Moad Ouitis, Hakim Houa et Samir Lakrout au kata par \u00e9quipes.<\/p>\n<p>Vingt (20) athl\u00e8tes alg\u00e9riens prennent part \u00e0 ce Championnat d&rsquo;Afrique de karat\u00e9-do seniors kumit\u00e9 et kata (messieurs et dames), organis\u00e9 du 11 au 14 juillet \u00e0 Gaborone.<\/p>\n<\/div>\n<p><img loading=\"lazy\" decoding=\"async\" src=\"http:\/\/feeds.feedburner.com\/~r\/aps-sport\/~4\/XdWnRRyp8Wc\" height=\"1\" width=\"1\" alt=\"\"><\/div>\n<p>Auteur:<br \/>\n<a href=\"http:\/\/www.aps.dz\/sport\/91884-karate-do-championnats-d-afrique-2e-j-l-algerie-porte-son-capital-a-12-medailles?utm_source=feedburner&#038;utm_medium=feed&#038;utm_campaign=Feed%3A+aps-sport+%28APS+-+SPORT%29\">Cliquez ici pour lire l&rsquo;article depuis sa source.<\/a><\/p>\n","protected":false},"excerpt":{"rendered":"<p>GABORONE &#8211; La s\u00e9lection alg\u00e9rienne (messieurs\/dames) de Karat\u00e9 do a port\u00e9 son capital \u00e0 12 m\u00e9dailles aux Championnats d&rsquo;Afrique (juniors\/seniors), \u00e0 l&rsquo;issue de la deuxi\u00e8me journ\u00e9e de cette comp\u00e9tition, qui se d\u00e9roulent du 12 au 14 juillet 2019 \u00e0 Gaborone (Botswana). En effet, aux cinq premi\u00e8res m\u00e9dailles, remport\u00e9es la veille (2 argent et 3 bronze), [&hellip;]<\/p>\n","protected":false},"author":1790,"featured_media":46150,"comment_status":"closed","ping_status":"closed","sticky":false,"template":"","format":"standard","meta":{"fifu_image_url":"","fifu_image_alt":"","footnotes":""},"categories":[53,75],"tags":[],"class_list":["post-46149","post","type-post","status-publish","format-standard","has-post-thumbnail","hentry","category-algerie","category-sport"],"_links":{"self":[{"href":"https:\/\/linitiative.ca\/International\/wp-json\/wp\/v2\/posts\/46149","targetHints":{"allow":["GET"]}}],"collection":[{"href":"https:\/\/linitiative.ca\/International\/wp-json\/wp\/v2\/posts"}],"about":[{"href":"https:\/\/linitiative.ca\/International\/wp-json\/wp\/v2\/types\/post"}],"author":[{"embeddable":true,"href":"https:\/\/linitiative.ca\/International\/wp-json\/wp\/v2\/users\/1790"}],"replies":[{"embeddable":true,"href":"https:\/\/linitiative.ca\/International\/wp-json\/wp\/v2\/comments?post=46149"}],"version-history":[{"count":0,"href":"https:\/\/linitiative.ca\/International\/wp-json\/wp\/v2\/posts\/46149\/revisions"}],"wp:featuredmedia":[{"embeddable":true,"href":"https:\/\/linitiative.ca\/International\/wp-json\/"}],"wp:attachment":[{"href":"https:\/\/linitiative.ca\/International\/wp-json\/wp\/v2\/media?parent=46149"}],"wp:term":[{"taxonomy":"category","embeddable":true,"href":"https:\/\/linitiative.ca\/International\/wp-json\/wp\/v2\/categories?post=46149"},{"taxonomy":"post_tag","embeddable":true,"href":"https:\/\/linitiative.ca\/International\/wp-json\/wp\/v2\/tags?post=46149"}],"curies":[{"name":"wp","href":"https:\/\/api.w.org\/{rel}","templated":true}]}}