{"id":46151,"date":"2019-07-14T07:29:44","date_gmt":"2019-07-14T11:29:44","guid":{"rendered":"https:\/\/linitiative.ca\/International\/91885-can-2019-demi-finale-algerie-nigeria-les-verts-en-quete-d-une-3e-finale\/"},"modified":"2019-07-14T07:29:44","modified_gmt":"2019-07-14T11:29:44","slug":"91885-can-2019-demi-finale-algerie-nigeria-les-verts-en-quete-d-une-3e-finale","status":"publish","type":"post","link":"https:\/\/linitiative.ca\/International\/91885-can-2019-demi-finale-algerie-nigeria-les-verts-en-quete-d-une-3e-finale\/","title":{"rendered":"CAN 2019 (demi-finale)\/Alg\u00e9rie-Nigeria: Les Verts en qu\u00eate d&rsquo;une 3e finale"},"content":{"rendered":"<div>\n<div class=\"K2FeedImage\"><img decoding=\"async\" src=\"http:\/\/www.aps.dz\/media\/k2\/items\/cache\/cf86d845a59eff70f01ebe64262ca3e3_S.jpg\" alt=\"CAN 2019 (demi-finale)\/Alg\u00e9rie-Nigeria: Les Verts en qu\u00eate d'une 3e finale\"><\/div>\n<div class=\"K2FeedIntroText\">\n<p><strong>LE CAIRE &#8211; La nouvelle g\u00e9n\u00e9ration dor\u00e9e du football alg\u00e9rien, auteur d&rsquo;un sans faute jusqu&rsquo;ici dans la Coupe d&rsquo;Afrique des nations 2019, esp\u00e8re\u00a0 enchainer par une nouvelle victoire contre le Nigeria lors de le demi-finale pr\u00e9vue ce dimanche (20h00 alg\u00e9rienne) au stade international du Caire, et rejoindre ainsi ses glorieux a\u00efeux de 1980 et de 1990, les seuls de toute l&rsquo;histoire du football national \u00e0 avoir atteint la finale d&rsquo;une CAN.<\/strong><\/p>\n<\/div>\n<div class=\"K2FeedFullText\">\n<p>\u00ab\u00a0La seule CAN que nous avons gagn\u00e9e, c&rsquo;\u00e9tait il y a 29 ans, \u00e0 domicile. Gagner \u00e0 l&rsquo;ext\u00e9rieur est plus difficile. Les Belloumi et Assad ont marqu\u00e9 l&rsquo;histoire du football alg\u00e9rien, mais ceux qui ont gagn\u00e9 la CAN sont d&rsquo;autres joueurs, comme Madjer. Nous aussi nous voulons marquer l&rsquo;histoire du football alg\u00e9rien. Ce ne sera pas facile, certes, mais nous sommes ambitieux et nous avons vraiment \u00e0 c\u0153ur de faire aussi bien que l&rsquo;ancienne g\u00e9n\u00e9ration\u00a0\u00bb a assur\u00e9 samedi le s\u00e9lectionneur Djamel Belmadi, en conf\u00e9rence de presse d&rsquo;avant-match.<\/p>\n<p>L&rsquo;ancien Marseillais a admis toutefois que cette demi-finale contre le Nigeria sera \u00ab\u00a0tr\u00e8s \u00e9quilibr\u00e9e\u00a0\u00bb car selon lui, \u00ab\u00a0\u00e0 ce stade de la comp\u00e9tition, on ne peut plus parler d&rsquo;outsider ou de favori. Ce sera du 50-50 et l&rsquo;\u00e9quipe qui saura faire la diff\u00e9rence l&#8217;emportera\u00a0\u00bb, a-t-il anticip\u00e9.<\/p>\n<p>Le seul point n\u00e9gatif pour la s\u00e9lection alg\u00e9rienne \u00e0 la veille de sa demi-finale contre le Nigeria sera donc la d\u00e9fection de son lat\u00e9ral droit Youcef Atal, victime d&rsquo;une fracture de la clavicule lors du quart de finale contre le C\u00f4te d&rsquo;Ivoire et d\u00e9finitivement out pour le reste du tournoi.<\/p>\n<p>M\u00eame son de cloche du c\u00f4t\u00e9 du s\u00e9lectionneur des \u00ab\u00a0Super Eagles\u00a0\u00bb, le Franco-allemand Gernot Rohr, ayant affirm\u00e9 s&rsquo;attendre \u00e0 une demi-finale \u00ab\u00a0intense\u00a0\u00bb face \u00e0 l\u2019Alg\u00e9rie, en relevant l\u2019importance de \u00ab\u00a0faire preuve de prudence, face \u00e0 une impressionnante \u00e9quipe\u00a0\u00bb dont il faudra se m\u00e9fier.<\/p>\n<hr>\n<h3>Lire aussi:\u00a0<a href=\"http:\/\/www.aps.dz\/sport\/91864-can-2019-de-football-demi-finales-algerie-nigeria-ca-sera-un-match-tres-intense-rohr\" target=\"_blank\" rel=\"noopener noreferrer\">CAN-2019 de football (demi-finales) Alg\u00e9rie &#8211; Nigeria: \u00ab\u00a0Ca sera un match tr\u00e8s intense\u00a0\u00bb<\/a><\/h3>\n<hr>\n<p>\u00ab\u00a0Nous avons tenu plusieurs r\u00e9unions pour mettre au point la tactique qui sera n\u00e9cessaire pour ce match et j&rsquo;esp\u00e8re que nous serons au rendez-vous dimanche soir\u00a0\u00bb, a-t-il indiqu\u00e9 en conf\u00e9rence de presse d&rsquo;avant-match.<\/p>\n<p>Qualifi\u00e9e comme deuxi\u00e8me du groupe B derri\u00e8re la surprenante \u00e9quipe de Madagascar en phase de poules, le Nigeria est pass\u00e9 \u00e0 la vitesse sup\u00e9rieure pour \u00e9liminer le Cameroun, tenant du troph\u00e9e (3-2) et l\u2019Afrique du Sud (2-1), respectivement en 1\/8es et 1\/4 de finale.<\/p>\n<p>\u00ab\u00a0Apr\u00e8s ce match difficile face \u00e0 l\u2019Afrique du Sud, on s\u2019est bien repos\u00e9s. Il y a avait des joueurs bless\u00e9s auxquels nous avons donn\u00e9 l\u2019occasion de se soigner et qui aujourd&rsquo;hui sont \u00e0 nouveau op\u00e9rationnels. En tant qu\u2019entra\u00eeneur, je suis optimiste\u00a0\u00bb a-t-il assur\u00e9.<\/p>\n<p>En effet, selon l&rsquo;entra\u00eeneur nig\u00e9rian, si les Super Eagles arrivent \u00e0 \u00ab\u00a0reproduire le m\u00eame jeu que face au Cameroun et l&rsquo;Afrique du Sud\u00a0\u00bb, ils auront \u00ab\u00a0une s\u00e9rieuse chance d&rsquo;aller en finale. Mais la qualit\u00e9 de l\u2019adversaire nous pousse \u00e0 rester prudents, car non seulement nous devons faire preuve de r\u00e9alisme en attaque, mais nous devons commettre moins de fautes derri\u00e8re. Nous avons encaiss\u00e9 cinq buts alors que l\u2019Alg\u00e9rie n&rsquo;en a pris qu&rsquo;un jusqu&rsquo;ici. Donc, sur le tableau d\u2019affichage, ils sont plus impressionnants que nous \u00ab\u00a0, a soulign\u00e9 l\u2019ancien entraineur des Girondins de Bordeaux (Ligue 1 fran\u00e7aise).<\/p>\n<p>L&rsquo;autre demi-finale de cette CAN-2019, qui se d\u00e9roule du 21 juin au 19 juillet en Egypte, mettra aux prises la Tunisie et le S\u00e9n\u00e9gal.<\/p>\n<hr>\n<p>Lire aussi:\u00a0\u00a0<a href=\"http:\/\/www.aps.dz\/sport\/91920-can-2019-demi-finales-algerie-nigeria-echos-du-caire\">CAN-2019 (demi-finales)\/Alg\u00e9rie-Nigeria : Echos du Caire<\/a><\/p>\n<hr>\n<p>\u00a0<\/p>\n<\/div>\n<p><img loading=\"lazy\" decoding=\"async\" src=\"http:\/\/feeds.feedburner.com\/~r\/aps-sport\/~4\/ahViRwmVO6E\" height=\"1\" width=\"1\" alt=\"\"><\/div>\n<p>Auteur:<br \/>\n<a href=\"http:\/\/www.aps.dz\/sport\/91885-can-2019-demi-finale-algerie-nigeria-les-verts-en-quete-d-une-3e-finale?utm_source=feedburner&#038;utm_medium=feed&#038;utm_campaign=Feed%3A+aps-sport+%28APS+-+SPORT%29\">Cliquez ici pour lire l&rsquo;article depuis sa source.<\/a><\/p>\n","protected":false},"excerpt":{"rendered":"<p>LE CAIRE &#8211; La nouvelle g\u00e9n\u00e9ration dor\u00e9e du football alg\u00e9rien, auteur d&rsquo;un sans faute jusqu&rsquo;ici dans la Coupe d&rsquo;Afrique des nations 2019, esp\u00e8re\u00a0 enchainer par une nouvelle victoire contre le Nigeria lors de le demi-finale pr\u00e9vue ce dimanche (20h00 alg\u00e9rienne) au stade international du Caire, et rejoindre ainsi ses glorieux a\u00efeux de 1980 et de [&hellip;]<\/p>\n","protected":false},"author":1790,"featured_media":46152,"comment_status":"closed","ping_status":"closed","sticky":false,"template":"","format":"standard","meta":{"fifu_image_url":"","fifu_image_alt":"","footnotes":""},"categories":[53,75],"tags":[],"class_list":["post-46151","post","type-post","status-publish","format-standard","has-post-thumbnail","hentry","category-algerie","category-sport"],"_links":{"self":[{"href":"https:\/\/linitiative.ca\/International\/wp-json\/wp\/v2\/posts\/46151","targetHints":{"allow":["GET"]}}],"collection":[{"href":"https:\/\/linitiative.ca\/International\/wp-json\/wp\/v2\/posts"}],"about":[{"href":"https:\/\/linitiative.ca\/International\/wp-json\/wp\/v2\/types\/post"}],"author":[{"embeddable":true,"href":"https:\/\/linitiative.ca\/International\/wp-json\/wp\/v2\/users\/1790"}],"replies":[{"embeddable":true,"href":"https:\/\/linitiative.ca\/International\/wp-json\/wp\/v2\/comments?post=46151"}],"version-history":[{"count":0,"href":"https:\/\/linitiative.ca\/International\/wp-json\/wp\/v2\/posts\/46151\/revisions"}],"wp:featuredmedia":[{"embeddable":true,"href":"https:\/\/linitiative.ca\/International\/wp-json\/"}],"wp:attachment":[{"href":"https:\/\/linitiative.ca\/International\/wp-json\/wp\/v2\/media?parent=46151"}],"wp:term":[{"taxonomy":"category","embeddable":true,"href":"https:\/\/linitiative.ca\/International\/wp-json\/wp\/v2\/categories?post=46151"},{"taxonomy":"post_tag","embeddable":true,"href":"https:\/\/linitiative.ca\/International\/wp-json\/wp\/v2\/tags?post=46151"}],"curies":[{"name":"wp","href":"https:\/\/api.w.org\/{rel}","templated":true}]}}