{"id":46153,"date":"2019-07-14T08:02:43","date_gmt":"2019-07-14T12:02:43","guid":{"rendered":"https:\/\/linitiative.ca\/International\/91890-can-2019-plus-de-140-supporters-algeriens-rallient-le-caire-via-ouargla\/"},"modified":"2019-07-14T08:02:43","modified_gmt":"2019-07-14T12:02:43","slug":"91890-can-2019-plus-de-140-supporters-algeriens-rallient-le-caire-via-ouargla","status":"publish","type":"post","link":"https:\/\/linitiative.ca\/International\/91890-can-2019-plus-de-140-supporters-algeriens-rallient-le-caire-via-ouargla\/","title":{"rendered":"CAN 2019: plus de 140 supporters alg\u00e9riens rallient le Caire via Ouargla"},"content":{"rendered":"<div>\n<div class=\"K2FeedIntroText\">\n<p><strong>OUARGLA &#8211; Plus de 140 supporters alg\u00e9riens ont embarqu\u00e9 samedi dans la soir\u00e9e vers l\u2019Egypte pour aller soutenir et encourager leur s\u00e9lection, dimanche \u00e0 20h00 (heure alg\u00e9rienne) au Caire, contre le Nigeria, en demi-finale de la Coupe d&rsquo;Afrique des Nations de football (CAN-2019), a-t-on appris dimanche du directeur de l\u2019agence de Tourisme et de Voyage (TVA) d\u2019Ouargla.<\/strong><\/p>\n<\/div>\n<div class=\"K2FeedFullText\">\n<p>L&rsquo;initiative intervient en application des instructions du Premier ministre, Noureddine Bedoui qui a ordonn\u00e9 la programmation d\u2019un pont a\u00e9rien pour le transport vers l\u2019Egypte de supporters de l\u2019\u00e9quipe nationale, au regard de son parcours jusque l\u00e0 sans faute dans cette comp\u00e9tition africaine.<\/p>\n<p>Les supporters ont embarqu\u00e9 de l\u2019a\u00e9roport \u00ab\u00a0Ain El-Beida\u00a0\u00bb d\u2019Ouargla \u00e0 bord d&rsquo;un Boeing 737-800 de la compagnie Air-Alg\u00e9rie vers l&rsquo;A\u00e9roport du Caire (Egypte), tandis que le vol du retour aura lieu lundi matin avec le m\u00eame transporteur vers l\u2019a\u00e9roport d\u2019Ouargla, a pr\u00e9cis\u00e9 le directeur de TVA Ouargla, Lakhdar Hamlaoui.<\/p>\n<p>Le prix du billet a \u00e9t\u00e9 fix\u00e9 \u00e0 35.000 DA par personne, avec la gratuit\u00e9 du billet d\u2019acc\u00e8s au stade et d\u2019un repas froid durant la rencontre, selon le m\u00eame responsable.<\/p>\n<\/div>\n<p><img loading=\"lazy\" decoding=\"async\" src=\"http:\/\/feeds.feedburner.com\/~r\/aps-sport\/~4\/1tmIXEwXi9M\" height=\"1\" width=\"1\" alt=\"\"><\/div>\n<p>Auteur:<br \/>\n<a href=\"http:\/\/www.aps.dz\/sport\/91890-can-2019-plus-de-140-supporters-algeriens-rallient-le-caire-via-ouargla?utm_source=feedburner&#038;utm_medium=feed&#038;utm_campaign=Feed%3A+aps-sport+%28APS+-+SPORT%29\">Cliquez ici pour lire l&rsquo;article depuis sa source.<\/a><\/p>\n","protected":false},"excerpt":{"rendered":"<p>OUARGLA &#8211; Plus de 140 supporters alg\u00e9riens ont embarqu\u00e9 samedi dans la soir\u00e9e vers l\u2019Egypte pour aller soutenir et encourager leur s\u00e9lection, dimanche \u00e0 20h00 (heure alg\u00e9rienne) au Caire, contre le Nigeria, en demi-finale de la Coupe d&rsquo;Afrique des Nations de football (CAN-2019), a-t-on appris dimanche du directeur de l\u2019agence de Tourisme et de Voyage [&hellip;]<\/p>\n","protected":false},"author":1790,"featured_media":0,"comment_status":"closed","ping_status":"closed","sticky":false,"template":"","format":"standard","meta":{"fifu_image_url":"","fifu_image_alt":"","footnotes":""},"categories":[53,75],"tags":[],"class_list":["post-46153","post","type-post","status-publish","format-standard","hentry","category-algerie","category-sport"],"_links":{"self":[{"href":"https:\/\/linitiative.ca\/International\/wp-json\/wp\/v2\/posts\/46153","targetHints":{"allow":["GET"]}}],"collection":[{"href":"https:\/\/linitiative.ca\/International\/wp-json\/wp\/v2\/posts"}],"about":[{"href":"https:\/\/linitiative.ca\/International\/wp-json\/wp\/v2\/types\/post"}],"author":[{"embeddable":true,"href":"https:\/\/linitiative.ca\/International\/wp-json\/wp\/v2\/users\/1790"}],"replies":[{"embeddable":true,"href":"https:\/\/linitiative.ca\/International\/wp-json\/wp\/v2\/comments?post=46153"}],"version-history":[{"count":0,"href":"https:\/\/linitiative.ca\/International\/wp-json\/wp\/v2\/posts\/46153\/revisions"}],"wp:attachment":[{"href":"https:\/\/linitiative.ca\/International\/wp-json\/wp\/v2\/media?parent=46153"}],"wp:term":[{"taxonomy":"category","embeddable":true,"href":"https:\/\/linitiative.ca\/International\/wp-json\/wp\/v2\/categories?post=46153"},{"taxonomy":"post_tag","embeddable":true,"href":"https:\/\/linitiative.ca\/International\/wp-json\/wp\/v2\/tags?post=46153"}],"curies":[{"name":"wp","href":"https:\/\/api.w.org\/{rel}","templated":true}]}}