{"id":46164,"date":"2019-07-14T12:40:00","date_gmt":"2019-07-14T16:40:00","guid":{"rendered":"https:\/\/linitiative.ca\/International\/logements-a-sidi-bel-abbes-lancement-prochain-du-projet-de-512-llp\/"},"modified":"2019-07-14T12:40:00","modified_gmt":"2019-07-14T16:40:00","slug":"logements-a-sidi-bel-abbes-lancement-prochain-du-projet-de-512-llp","status":"publish","type":"post","link":"https:\/\/linitiative.ca\/International\/logements-a-sidi-bel-abbes-lancement-prochain-du-projet-de-512-llp\/","title":{"rendered":"LOGEMENTS A SIDI BEL ABBES : Lancement prochain  du projet de 512 LLP"},"content":{"rendered":"<p><br id=\"sep_para_1\" class=\"sep_para access\"\/><\/p>\n<div id=\"para_1\" class=\"para_32147909 resize\">\n<div class=\"texte access firstletter\">Selon le premier responsable de l&rsquo;ex\u00e9cutif,\u00a0 la wilaya a b\u00e9n\u00e9fici\u00e9 d\u2019un quota cons\u00e9quent de 512 logements locatifs promotionnels, dont une partie de 50% sera\u00a0 r\u00e9serv\u00e9e \u00e0 la location et le reste\u00a0 destin\u00e9\u00a0 \u00e0 la vente.\u00a0 Ce projet, a-t-il ajout\u00e9, sera lanc\u00e9\u00a0 dans les chefs-lieux des da\u00efras de\u00a0 Sidi Bel-Abb\u00e9s, Ben Badis, Sfisef et T\u00e9lagh, en attendant l\u2019application\u00a0 des modalit\u00e9s \u00e0 l\u2019acc\u00e8s de ce type de logement\u00a0\u00a0 et les conditions d\u2019\u00e9ligibilit\u00e9 des souscripteurs\u00a0 pour en b\u00e9n\u00e9ficier. Le mode de paiement ainsi que les formalit\u00e9s \u00e0 remplir, seraient du ressort du minist\u00e8re de l\u2019habitat. Le wali a tenu \u00e0 rappeler que cette nouvelle formule\u00a0\u00a0 permettrait de r\u00e9soudre le probl\u00e8me de logement au niveau de la wilaya,\u00a0 de diversifier l\u2019offre et d\u2019absorber la forte demande en la mati\u00e8re en expliquant que les entreprises\u00a0 BTPH de Sidi Bel-Abb\u00e8s seront appel\u00e9es \u00e0 prendre en charge les travaux de r\u00e9alisation, d\u00e8s le lancement du projet, et faire preuve de d\u00e9termination afin d&rsquo;achever les \u0153uvres dans les d\u00e9lais impartis , en vertu des normes exig\u00e9es et mises en vigueur.<\/div>\n<\/div>\n<p>Auteur: N.Moussa<br \/>\n<a href=\"https:\/\/www.reflexiondz.net\/LOGEMENTS-A-SIDI-BEL-ABBES-Lancement-prochain-du-projet-de-512-LLP_a56569.html\">Cliquez ici pour lire l&rsquo;article depuis sa source.<\/a><\/p>\n","protected":false},"excerpt":{"rendered":"<p>Selon le premier responsable de l&rsquo;ex\u00e9cutif,\u00a0 la wilaya a b\u00e9n\u00e9fici\u00e9 d\u2019un quota cons\u00e9quent de 512 logements locatifs promotionnels, dont une partie de 50% sera\u00a0 r\u00e9serv\u00e9e \u00e0 la location et le reste\u00a0 destin\u00e9\u00a0 \u00e0 la vente.\u00a0 Ce projet, a-t-il ajout\u00e9, sera lanc\u00e9\u00a0 dans les chefs-lieux des da\u00efras de\u00a0 Sidi Bel-Abb\u00e9s, Ben Badis, Sfisef et T\u00e9lagh, en [&hellip;]<\/p>\n","protected":false},"author":1740,"featured_media":0,"comment_status":"closed","ping_status":"closed","sticky":false,"template":"","format":"standard","meta":{"fifu_image_url":"","fifu_image_alt":"","footnotes":""},"categories":[53,76],"tags":[],"class_list":["post-46164","post","type-post","status-publish","format-standard","hentry","category-algerie","category-regions"],"_links":{"self":[{"href":"https:\/\/linitiative.ca\/International\/wp-json\/wp\/v2\/posts\/46164","targetHints":{"allow":["GET"]}}],"collection":[{"href":"https:\/\/linitiative.ca\/International\/wp-json\/wp\/v2\/posts"}],"about":[{"href":"https:\/\/linitiative.ca\/International\/wp-json\/wp\/v2\/types\/post"}],"author":[{"embeddable":true,"href":"https:\/\/linitiative.ca\/International\/wp-json\/wp\/v2\/users\/1740"}],"replies":[{"embeddable":true,"href":"https:\/\/linitiative.ca\/International\/wp-json\/wp\/v2\/comments?post=46164"}],"version-history":[{"count":0,"href":"https:\/\/linitiative.ca\/International\/wp-json\/wp\/v2\/posts\/46164\/revisions"}],"wp:attachment":[{"href":"https:\/\/linitiative.ca\/International\/wp-json\/wp\/v2\/media?parent=46164"}],"wp:term":[{"taxonomy":"category","embeddable":true,"href":"https:\/\/linitiative.ca\/International\/wp-json\/wp\/v2\/categories?post=46164"},{"taxonomy":"post_tag","embeddable":true,"href":"https:\/\/linitiative.ca\/International\/wp-json\/wp\/v2\/tags?post=46164"}],"curies":[{"name":"wp","href":"https:\/\/api.w.org\/{rel}","templated":true}]}}