{"id":46165,"date":"2019-07-14T12:48:00","date_gmt":"2019-07-14T16:48:00","guid":{"rendered":"https:\/\/linitiative.ca\/International\/ils-planifiaient-des-attentats-contre-les-manifestants-a-travers-le-pays-arrestation-de-5-terroristes-a-batna\/"},"modified":"2019-07-14T12:48:00","modified_gmt":"2019-07-14T16:48:00","slug":"ils-planifiaient-des-attentats-contre-les-manifestants-a-travers-le-pays-arrestation-de-5-terroristes-a-batna","status":"publish","type":"post","link":"https:\/\/linitiative.ca\/International\/ils-planifiaient-des-attentats-contre-les-manifestants-a-travers-le-pays-arrestation-de-5-terroristes-a-batna\/","title":{"rendered":"ILS PLANIFIAIENT DES ATTENTATS CONTRE  LES MANIFESTANTS A TRAVERS LE PAYS : Arrestation de 5  terroristes \u00e0 Batna"},"content":{"rendered":"<p><br id=\"sep_para_1\" class=\"sep_para access\"\/><\/p>\n<div id=\"para_1\" class=\"para_32147980 resize\">\n<div class=\"texte access firstletter\">Cinq (5) terroristes, qui planifiaient des attentats contre les manifestants \u00e0 travers les diff\u00e9rentes r\u00e9gions du pays, ont \u00e9t\u00e9 arr\u00eat\u00e9s \u00e0 Batna par des d\u00e9tachements de l&rsquo;Arm\u00e9e nationale populaire (ANP), a indiqu\u00e9 ce dimanche un communiqu\u00e9 du minist\u00e8re de la D\u00e9fense nationale (MDN). \u00ab\u00a0Dans le cadre de la lutte antiterroriste et suite aux op\u00e9rations ayant permis l&rsquo;arrestation de cinq (5) \u00e9l\u00e9ments de soutien aux groupes terroristes \u00e0 Batna (5\u00e8me\u00a0 R\u00e9gion militaire), men\u00e9es entre le 03 et le 07 juillet 2019, par des d\u00e9tachements de l&rsquo;ANP en coordination avec les \u00e9l\u00e9ments de la Gendarmerie nationale, et apr\u00e8s enqu\u00eates approfondies, ces \u00e9l\u00e9ments de soutien se sont av\u00e9r\u00e9s des terroristes non recherch\u00e9s, qui planifiaient des attentats terroristes contre les manifestants pacifiques \u00e0 travers les diff\u00e9rentes r\u00e9gions du pays, en utilisant des explosifs.\u00a0 Il s&rsquo;agit en l&rsquo;occurrence des d\u00e9nomm\u00e9s A. Wail, B. Aymen, M. Khaled, M. Saad et M. Abderrahmane\u00a0\u00bb, a pr\u00e9cis\u00e9 le communiqu\u00e9.\u00a0\u00a0<\/div>\n<\/div>\n<p>Auteur: Nadine<br \/>\n<a href=\"https:\/\/www.reflexiondz.net\/ILS-PLANIFIAIENT-DES-ATTENTATS-CONTRE-LES-MANIFESTANTS-A-TRAVERS-LE-PAYS-Arrestation-de-5-terroristes-a-Batna_a56583.html\">Cliquez ici pour lire l&rsquo;article depuis sa source.<\/a><\/p>\n","protected":false},"excerpt":{"rendered":"<p>Cinq (5) terroristes, qui planifiaient des attentats contre les manifestants \u00e0 travers les diff\u00e9rentes r\u00e9gions du pays, ont \u00e9t\u00e9 arr\u00eat\u00e9s \u00e0 Batna par des d\u00e9tachements de l&rsquo;Arm\u00e9e nationale populaire (ANP), a indiqu\u00e9 ce dimanche un communiqu\u00e9 du minist\u00e8re de la D\u00e9fense nationale (MDN). \u00ab\u00a0Dans le cadre de la lutte antiterroriste et suite aux op\u00e9rations ayant [&hellip;]<\/p>\n","protected":false},"author":1740,"featured_media":0,"comment_status":"closed","ping_status":"closed","sticky":false,"template":"","format":"standard","meta":{"fifu_image_url":"","fifu_image_alt":"","footnotes":""},"categories":[53,76],"tags":[],"class_list":["post-46165","post","type-post","status-publish","format-standard","hentry","category-algerie","category-regions"],"_links":{"self":[{"href":"https:\/\/linitiative.ca\/International\/wp-json\/wp\/v2\/posts\/46165","targetHints":{"allow":["GET"]}}],"collection":[{"href":"https:\/\/linitiative.ca\/International\/wp-json\/wp\/v2\/posts"}],"about":[{"href":"https:\/\/linitiative.ca\/International\/wp-json\/wp\/v2\/types\/post"}],"author":[{"embeddable":true,"href":"https:\/\/linitiative.ca\/International\/wp-json\/wp\/v2\/users\/1740"}],"replies":[{"embeddable":true,"href":"https:\/\/linitiative.ca\/International\/wp-json\/wp\/v2\/comments?post=46165"}],"version-history":[{"count":0,"href":"https:\/\/linitiative.ca\/International\/wp-json\/wp\/v2\/posts\/46165\/revisions"}],"wp:attachment":[{"href":"https:\/\/linitiative.ca\/International\/wp-json\/wp\/v2\/media?parent=46165"}],"wp:term":[{"taxonomy":"category","embeddable":true,"href":"https:\/\/linitiative.ca\/International\/wp-json\/wp\/v2\/categories?post=46165"},{"taxonomy":"post_tag","embeddable":true,"href":"https:\/\/linitiative.ca\/International\/wp-json\/wp\/v2\/tags?post=46165"}],"curies":[{"name":"wp","href":"https:\/\/api.w.org\/{rel}","templated":true}]}}