{"id":46166,"date":"2019-07-14T12:48:00","date_gmt":"2019-07-14T16:48:00","guid":{"rendered":"https:\/\/linitiative.ca\/International\/pour-apologie-du-terrorisme-un-quadragenaire-arrete-par-la-police-a-ain-temouchent\/"},"modified":"2019-07-14T12:48:00","modified_gmt":"2019-07-14T16:48:00","slug":"pour-apologie-du-terrorisme-un-quadragenaire-arrete-par-la-police-a-ain-temouchent","status":"publish","type":"post","link":"https:\/\/linitiative.ca\/International\/pour-apologie-du-terrorisme-un-quadragenaire-arrete-par-la-police-a-ain-temouchent\/","title":{"rendered":"POUR APOLOGIE dU TERRORISME : Un quadrag\u00e9naire arr\u00eat\u00e9 par la police \u00e0 A\u00efn T\u00e9mouchent"},"content":{"rendered":"<p><br id=\"sep_para_1\" class=\"sep_para access\"\/><\/p>\n<div id=\"para_1\" class=\"para_32147997 resize\">\n<div class=\"texte access firstletter\">Les \u00e9l\u00e9ments de la Brigade de recherche et d\u2019investigation (BRI) de la wilaya d\u2019A\u00efn T\u00e9mouchent, situ\u00e9e dans l\u2019ouest du pays, ont proc\u00e9d\u00e9 \u00e0 l\u2019arrestation d\u2019un quadrag\u00e9naire pour apologie au terrorisme. L\u2019enqu\u00eate a d\u00e9but\u00e9 lorsque les services de s\u00e9curit\u00e9 ont ouvert une enqu\u00eate apr\u00e8s qu\u2019une page Facebook, publiant des commentaires soutenant les actes terroristes, notamment ceux de Daech, ait \u00e9t\u00e9 rep\u00e9r\u00e9e. Tr\u00e8s vite, les \u00e9l\u00e9ments de la BRI ont pu identifier la personne qui est derri\u00e8re ces publications dangereuses.\u00a0 Poss\u00e9dant plusieurs comptes Facebook, cette personne \u00e9tait tr\u00e8s active sur la toile. Le suspect a fini par \u00eatre interpell\u00e9. Il a \u00e9t\u00e9 auditionn\u00e9 par le juge d\u2019instruction pr\u00e8s la Cour d\u2019A\u00efn T\u00e9mouchent qui a d\u00e9cid\u00e9 de le placer en d\u00e9tention provisoire.\u00a0\u00a0\u00a0\u00a0\u00a0\u00a0<\/div>\n<\/div>\n<p>Auteur: Smain<br \/>\n<a href=\"https:\/\/www.reflexiondz.net\/POUR-APOLOGIE-dU-TERRORISME-Un-quadragenaire-arrete-par-la-police-a-Ain-Temouchent_a56586.html\">Cliquez ici pour lire l&rsquo;article depuis sa source.<\/a><\/p>\n","protected":false},"excerpt":{"rendered":"<p>Les \u00e9l\u00e9ments de la Brigade de recherche et d\u2019investigation (BRI) de la wilaya d\u2019A\u00efn T\u00e9mouchent, situ\u00e9e dans l\u2019ouest du pays, ont proc\u00e9d\u00e9 \u00e0 l\u2019arrestation d\u2019un quadrag\u00e9naire pour apologie au terrorisme. L\u2019enqu\u00eate a d\u00e9but\u00e9 lorsque les services de s\u00e9curit\u00e9 ont ouvert une enqu\u00eate apr\u00e8s qu\u2019une page Facebook, publiant des commentaires soutenant les actes terroristes, notamment ceux [&hellip;]<\/p>\n","protected":false},"author":1740,"featured_media":0,"comment_status":"closed","ping_status":"closed","sticky":false,"template":"","format":"standard","meta":{"fifu_image_url":"","fifu_image_alt":"","footnotes":""},"categories":[53,76],"tags":[],"class_list":["post-46166","post","type-post","status-publish","format-standard","hentry","category-algerie","category-regions"],"_links":{"self":[{"href":"https:\/\/linitiative.ca\/International\/wp-json\/wp\/v2\/posts\/46166","targetHints":{"allow":["GET"]}}],"collection":[{"href":"https:\/\/linitiative.ca\/International\/wp-json\/wp\/v2\/posts"}],"about":[{"href":"https:\/\/linitiative.ca\/International\/wp-json\/wp\/v2\/types\/post"}],"author":[{"embeddable":true,"href":"https:\/\/linitiative.ca\/International\/wp-json\/wp\/v2\/users\/1740"}],"replies":[{"embeddable":true,"href":"https:\/\/linitiative.ca\/International\/wp-json\/wp\/v2\/comments?post=46166"}],"version-history":[{"count":0,"href":"https:\/\/linitiative.ca\/International\/wp-json\/wp\/v2\/posts\/46166\/revisions"}],"wp:attachment":[{"href":"https:\/\/linitiative.ca\/International\/wp-json\/wp\/v2\/media?parent=46166"}],"wp:term":[{"taxonomy":"category","embeddable":true,"href":"https:\/\/linitiative.ca\/International\/wp-json\/wp\/v2\/categories?post=46166"},{"taxonomy":"post_tag","embeddable":true,"href":"https:\/\/linitiative.ca\/International\/wp-json\/wp\/v2\/tags?post=46166"}],"curies":[{"name":"wp","href":"https:\/\/api.w.org\/{rel}","templated":true}]}}