{"id":46169,"date":"2019-07-14T12:48:00","date_gmt":"2019-07-14T16:48:00","guid":{"rendered":"https:\/\/linitiative.ca\/International\/convoque-a-la-cour-supreme-vers-le-lancement-dun-mandat-darret-contre-chakib-khelil\/"},"modified":"2019-07-14T12:48:00","modified_gmt":"2019-07-14T16:48:00","slug":"convoque-a-la-cour-supreme-vers-le-lancement-dun-mandat-darret-contre-chakib-khelil","status":"publish","type":"post","link":"https:\/\/linitiative.ca\/International\/convoque-a-la-cour-supreme-vers-le-lancement-dun-mandat-darret-contre-chakib-khelil\/","title":{"rendered":"CONVOQUE A LA COUR SUPREME : Vers le lancement d\u2019un mandat d\u2019arr\u00eat contre Chakib Khelil"},"content":{"rendered":"<p><br id=\"sep_para_1\" class=\"sep_para access\"\/><\/p>\n<div id=\"para_1\" class=\"para_32147992 resize\">\n<div class=\"texte access firstletter\">L\u2019ancien ministre de l\u2019Energie et ancien Pdg de la soci\u00e9t\u00e9 nationale p\u00e9troli\u00e8re Sonatrach, Chakib Khelil, a \u00e9t\u00e9 convoqu\u00e9 pour compara\u00eetre ce dimanche 14 juillet 2019 devant le juge d\u2019instruction pr\u00e8s la Cour supr\u00eame dans le cadre d\u2019enqu\u00eates li\u00e9es \u00e0 des faits de corruption. Les principaux chefs d\u2019accusation retenus rencontre M. Chakib Khelil ont trait \u00e0 des infractions \u00e0 la r\u00e9glementation des\u00a0 changes et au mouvement des capitaux de et vers l\u2019\u00e9tranger, ainsi que le non-respect des dispositions du code des march\u00e9s publics, a indiqu\u00e9 la Cour supr\u00eame dans un communiqu\u00e9. Le dossier de Chakib Khelil a \u00e9t\u00e9 transf\u00e9r\u00e9 \u00e0 la Cour supr\u00eame. L\u2019ancien ministre devrait \u00eatre entendu dans le cadre de l\u2019affaire appel\u00e9 commun\u00e9ment Sonatrach I et II, une affaire qui a d\u00e9j\u00e0 \u00e9t\u00e9 instruite par la justice, mais rouverte depuis quelques temps. Une dizaine d\u2019autres personnes sont impliqu\u00e9es dans ce dossier de Sonatrach qui constitue un des plus grands scandales financiers de l\u2019\u00e8re de l\u2019ancien pr\u00e9sident d\u00e9missionnaire Abdelaziz Bouteflika, ainsi que l\u2019affaire de l\u2019autoroute Est-Ouest dans laquelle est directement impliqu\u00e9 l\u2019ancien ministre des Travaux publics, Amar Ghoul.\u00a0<\/div>\n<\/div>\n<p>Auteur: Nadine<br \/>\n<a href=\"https:\/\/www.reflexiondz.net\/CONVOQUE-A-LA-COUR-SUPREME-Vers-le-lancement-d-un-mandat-d-arret-contre-Chakib-Khelil_a56585.html\">Cliquez ici pour lire l&rsquo;article depuis sa source.<\/a><\/p>\n","protected":false},"excerpt":{"rendered":"<p>L\u2019ancien ministre de l\u2019Energie et ancien Pdg de la soci\u00e9t\u00e9 nationale p\u00e9troli\u00e8re Sonatrach, Chakib Khelil, a \u00e9t\u00e9 convoqu\u00e9 pour compara\u00eetre ce dimanche 14 juillet 2019 devant le juge d\u2019instruction pr\u00e8s la Cour supr\u00eame dans le cadre d\u2019enqu\u00eates li\u00e9es \u00e0 des faits de corruption. Les principaux chefs d\u2019accusation retenus rencontre M. Chakib Khelil ont trait \u00e0 [&hellip;]<\/p>\n","protected":false},"author":1740,"featured_media":0,"comment_status":"closed","ping_status":"closed","sticky":false,"template":"","format":"standard","meta":{"fifu_image_url":"","fifu_image_alt":"","footnotes":""},"categories":[53,76],"tags":[],"class_list":["post-46169","post","type-post","status-publish","format-standard","hentry","category-algerie","category-regions"],"_links":{"self":[{"href":"https:\/\/linitiative.ca\/International\/wp-json\/wp\/v2\/posts\/46169","targetHints":{"allow":["GET"]}}],"collection":[{"href":"https:\/\/linitiative.ca\/International\/wp-json\/wp\/v2\/posts"}],"about":[{"href":"https:\/\/linitiative.ca\/International\/wp-json\/wp\/v2\/types\/post"}],"author":[{"embeddable":true,"href":"https:\/\/linitiative.ca\/International\/wp-json\/wp\/v2\/users\/1740"}],"replies":[{"embeddable":true,"href":"https:\/\/linitiative.ca\/International\/wp-json\/wp\/v2\/comments?post=46169"}],"version-history":[{"count":0,"href":"https:\/\/linitiative.ca\/International\/wp-json\/wp\/v2\/posts\/46169\/revisions"}],"wp:attachment":[{"href":"https:\/\/linitiative.ca\/International\/wp-json\/wp\/v2\/media?parent=46169"}],"wp:term":[{"taxonomy":"category","embeddable":true,"href":"https:\/\/linitiative.ca\/International\/wp-json\/wp\/v2\/categories?post=46169"},{"taxonomy":"post_tag","embeddable":true,"href":"https:\/\/linitiative.ca\/International\/wp-json\/wp\/v2\/tags?post=46169"}],"curies":[{"name":"wp","href":"https:\/\/api.w.org\/{rel}","templated":true}]}}