{"id":46170,"date":"2019-07-14T12:50:00","date_gmt":"2019-07-14T16:50:00","guid":{"rendered":"https:\/\/linitiative.ca\/International\/le-fils-de-tebboune-aurait-ete-libere\/"},"modified":"2019-07-14T12:50:00","modified_gmt":"2019-07-14T16:50:00","slug":"le-fils-de-tebboune-aurait-ete-libere","status":"publish","type":"post","link":"https:\/\/linitiative.ca\/International\/le-fils-de-tebboune-aurait-ete-libere\/","title":{"rendered":"Le fils de Tebboune aurait \u00e9t\u00e9 lib\u00e9r\u00e9"},"content":{"rendered":"<p><br id=\"sep_para_1\" class=\"sep_para access\"\/><\/p>\n<div id=\"para_1\" class=\"para_32148007 resize\">\n<div class=\"texte access firstletter\">En d\u00e9tention provisoire\u00a0 \u00e0 la prison d&rsquo;El-Harrach depuis le d\u00e9but de l&rsquo;\u00e9t\u00e9 2018, le fils de l&rsquo;ex-Premier ministre Abdelmadjid Tebboune, Khaled Tebboune, aurait \u00e9t\u00e9 lib\u00e9r\u00e9, a rapport\u00e9 le site Alg\u00e9rie Part. Rappelons que le fils de l\u2019ex-num\u00e9ro 1 du gouvernement avait \u00e9t\u00e9 entendu par le procureur suite aux appels t\u00e9l\u00e9phoniques qu\u2019il a eu avec l\u2019accus\u00e9 principal, Kamal Chikhi. L\u2019enqu\u00eate a r\u00e9v\u00e9l\u00e9 que le fils de Tebboune a eu deux appels t\u00e9l\u00e9phoniques avec M. Chikhi lui demandant de fournir de la viande \u00e0 un restaurant de la Rahma pendant le mois de Ramadan, ont r\u00e9v\u00e9l\u00e9 plusieurs sources. Il est \u00e0 signaler que la dur\u00e9e de la d\u00e9tention\u00a0 provisoire en Alg\u00e9rie ne d\u00e9passe pas une ann\u00e9e et devient automatiquement un contr\u00f4le judiciaire.<\/div>\n<\/div>\n<p>Auteur: R\u00e9flexion<br \/>\n<a href=\"https:\/\/www.reflexiondz.net\/Le-fils-de-Tebboune-aurait-ete-libere_a56589.html\">Cliquez ici pour lire l&rsquo;article depuis sa source.<\/a><\/p>\n","protected":false},"excerpt":{"rendered":"<p>En d\u00e9tention provisoire\u00a0 \u00e0 la prison d&rsquo;El-Harrach depuis le d\u00e9but de l&rsquo;\u00e9t\u00e9 2018, le fils de l&rsquo;ex-Premier ministre Abdelmadjid Tebboune, Khaled Tebboune, aurait \u00e9t\u00e9 lib\u00e9r\u00e9, a rapport\u00e9 le site Alg\u00e9rie Part. Rappelons que le fils de l\u2019ex-num\u00e9ro 1 du gouvernement avait \u00e9t\u00e9 entendu par le procureur suite aux appels t\u00e9l\u00e9phoniques qu\u2019il a eu avec l\u2019accus\u00e9 [&hellip;]<\/p>\n","protected":false},"author":1740,"featured_media":0,"comment_status":"closed","ping_status":"closed","sticky":false,"template":"","format":"standard","meta":{"fifu_image_url":"","fifu_image_alt":"","footnotes":""},"categories":[53,76],"tags":[],"class_list":["post-46170","post","type-post","status-publish","format-standard","hentry","category-algerie","category-regions"],"_links":{"self":[{"href":"https:\/\/linitiative.ca\/International\/wp-json\/wp\/v2\/posts\/46170","targetHints":{"allow":["GET"]}}],"collection":[{"href":"https:\/\/linitiative.ca\/International\/wp-json\/wp\/v2\/posts"}],"about":[{"href":"https:\/\/linitiative.ca\/International\/wp-json\/wp\/v2\/types\/post"}],"author":[{"embeddable":true,"href":"https:\/\/linitiative.ca\/International\/wp-json\/wp\/v2\/users\/1740"}],"replies":[{"embeddable":true,"href":"https:\/\/linitiative.ca\/International\/wp-json\/wp\/v2\/comments?post=46170"}],"version-history":[{"count":0,"href":"https:\/\/linitiative.ca\/International\/wp-json\/wp\/v2\/posts\/46170\/revisions"}],"wp:attachment":[{"href":"https:\/\/linitiative.ca\/International\/wp-json\/wp\/v2\/media?parent=46170"}],"wp:term":[{"taxonomy":"category","embeddable":true,"href":"https:\/\/linitiative.ca\/International\/wp-json\/wp\/v2\/categories?post=46170"},{"taxonomy":"post_tag","embeddable":true,"href":"https:\/\/linitiative.ca\/International\/wp-json\/wp\/v2\/tags?post=46170"}],"curies":[{"name":"wp","href":"https:\/\/api.w.org\/{rel}","templated":true}]}}