{"id":46171,"date":"2019-07-14T12:50:00","date_gmt":"2019-07-14T16:50:00","guid":{"rendered":"https:\/\/linitiative.ca\/International\/bouteflika-vit-a-la-residence-de-zeralda\/"},"modified":"2019-07-14T12:50:00","modified_gmt":"2019-07-14T16:50:00","slug":"bouteflika-vit-a-la-residence-de-zeralda","status":"publish","type":"post","link":"https:\/\/linitiative.ca\/International\/bouteflika-vit-a-la-residence-de-zeralda\/","title":{"rendered":"Bouteflika vit \u00e0  la r\u00e9sidence de Z\u00e9ralda"},"content":{"rendered":"<p><br id=\"sep_para_1\" class=\"sep_para access\"\/><\/p>\n<div id=\"para_1\" class=\"para_32148006 resize\">\n<div class=\"texte access firstletter\">La derni\u00e8re apparition publique de l\u2019ex-pr\u00e9sident de la R\u00e9publique, Abdelaziz Bouteflika, remonte au jour o\u00f9 il a remis sa lettre de d\u00e9mission au pr\u00e9sident du Conseil constitutionnel de l\u2019\u00e9poque, Tayeb Bela\u00efz, accompagn\u00e9 de l\u2019actuel chef d\u2019Etat, Abdelkader Bensalah. Des rumeurs avaient couru sur l\u2019\u00e9vacuation de sa r\u00e9sidence m\u00e9dicalis\u00e9e de Z\u00e9ralda qui tenait en m\u00eame temps de si\u00e8ge annexe de la Pr\u00e9sidence pendant ces derni\u00e8res ann\u00e9es mais aucune information officielle n\u2019a confirm\u00e9, ni infirm\u00e9 ces informations. Selon l\u2019hebdomadaire fran\u00e7ais Jeune Afrique, qui dit avoir enqu\u00eat\u00e9 sur la question, le Pr\u00e9sident d\u00e9chu vivrait toujours dans cette r\u00e9sidence. Ce magazine va jusqu\u2019\u00e0 d\u00e9crire son \u00e9tat de sant\u00e9 actuel, en affirmant qu\u2019il est \u00abphysiquement amoindri\u00bb et \u00abpsychologiquement tr\u00e8s affect\u00e9 par son exil int\u00e9rieur\u00bb.<\/div>\n<\/div>\n<p>Auteur: R\u00e9flexion<br \/>\n<a href=\"https:\/\/www.reflexiondz.net\/Bouteflika-vit-a-la-residence-de-Zeralda_a56588.html\">Cliquez ici pour lire l&rsquo;article depuis sa source.<\/a><\/p>\n","protected":false},"excerpt":{"rendered":"<p>La derni\u00e8re apparition publique de l\u2019ex-pr\u00e9sident de la R\u00e9publique, Abdelaziz Bouteflika, remonte au jour o\u00f9 il a remis sa lettre de d\u00e9mission au pr\u00e9sident du Conseil constitutionnel de l\u2019\u00e9poque, Tayeb Bela\u00efz, accompagn\u00e9 de l\u2019actuel chef d\u2019Etat, Abdelkader Bensalah. Des rumeurs avaient couru sur l\u2019\u00e9vacuation de sa r\u00e9sidence m\u00e9dicalis\u00e9e de Z\u00e9ralda qui tenait en m\u00eame temps [&hellip;]<\/p>\n","protected":false},"author":1740,"featured_media":0,"comment_status":"closed","ping_status":"closed","sticky":false,"template":"","format":"standard","meta":{"fifu_image_url":"","fifu_image_alt":"","footnotes":""},"categories":[53,76],"tags":[],"class_list":["post-46171","post","type-post","status-publish","format-standard","hentry","category-algerie","category-regions"],"_links":{"self":[{"href":"https:\/\/linitiative.ca\/International\/wp-json\/wp\/v2\/posts\/46171","targetHints":{"allow":["GET"]}}],"collection":[{"href":"https:\/\/linitiative.ca\/International\/wp-json\/wp\/v2\/posts"}],"about":[{"href":"https:\/\/linitiative.ca\/International\/wp-json\/wp\/v2\/types\/post"}],"author":[{"embeddable":true,"href":"https:\/\/linitiative.ca\/International\/wp-json\/wp\/v2\/users\/1740"}],"replies":[{"embeddable":true,"href":"https:\/\/linitiative.ca\/International\/wp-json\/wp\/v2\/comments?post=46171"}],"version-history":[{"count":0,"href":"https:\/\/linitiative.ca\/International\/wp-json\/wp\/v2\/posts\/46171\/revisions"}],"wp:attachment":[{"href":"https:\/\/linitiative.ca\/International\/wp-json\/wp\/v2\/media?parent=46171"}],"wp:term":[{"taxonomy":"category","embeddable":true,"href":"https:\/\/linitiative.ca\/International\/wp-json\/wp\/v2\/categories?post=46171"},{"taxonomy":"post_tag","embeddable":true,"href":"https:\/\/linitiative.ca\/International\/wp-json\/wp\/v2\/tags?post=46171"}],"curies":[{"name":"wp","href":"https:\/\/api.w.org\/{rel}","templated":true}]}}