{"id":46179,"date":"2019-07-14T05:01:48","date_gmt":"2019-07-14T09:01:48","guid":{"rendered":"https:\/\/linitiative.ca\/International\/ce-nest-pas-giresse-contre-cisse-mais-tunisie-senegal\/"},"modified":"2019-07-14T05:01:48","modified_gmt":"2019-07-14T09:01:48","slug":"ce-nest-pas-giresse-contre-cisse-mais-tunisie-senegal","status":"publish","type":"post","link":"https:\/\/linitiative.ca\/International\/ce-nest-pas-giresse-contre-cisse-mais-tunisie-senegal\/","title":{"rendered":"\u00abCe n\u2019est pas Giresse contre Ciss\u00e9, mais Tunisie-S\u00e9n\u00e9gal !\u00bb"},"content":{"rendered":"<h4 class=\"title-14\">Aliou Ciss\u00e9. Entra\u00eeneur du S\u00e9n\u00e9gal<\/h4>\n<div class=\"featured_image\"><img width=\"600\" height=\"434\" data-cfsrc=\"https:\/\/www.elwatan.com\/wp-content\/uploads\/2019\/07\/ALIOU.gif\" class=\"attachment-post-thumbnail size-post-thumbnail wp-post-image c1\" alt=\"\"\/><noscript><\/p>\n<p><img loading=\"lazy\" decoding=\"async\" width=\"600\" height=\"434\" src=\"https:\/\/www.elwatan.com\/wp-content\/uploads\/2019\/07\/ALIOU.gif\" class=\"attachment-post-thumbnail size-post-thumbnail wp-post-image\" alt=\"\"\/><\/p>\n<p><\/noscript><\/div>\n<p class=\"p4\"><span class=\"s1\"><strong>C<\/strong><\/span><span class=\"s1\"><em>e n\u2019est pas Alain Giresse contre Aliou Ciss\u00e9, c\u2019est la Tunisie contre le S\u00e9n\u00e9gal\u00bb,<\/em> a assur\u00e9 hier le s\u00e9lectionneur des Lions de la Teranga, Aliou Ciss\u00e9, avant d\u2019affronter, aujourd\u2019hui en demi-finale de la CAN, celui qu\u2019il a remplac\u00e9 en 2015.<\/span><\/p>\n<p class=\"p4\"><span class=\"s1\"><em>\u00abDans le foot, on se conna\u00eet tous, c\u2019est une grande et une petite famille \u00e0 la fois. Alain conna\u00eet tr\u00e8s bien le S\u00e9n\u00e9gal, mais nous aussi, on conna\u00eet bien la Tunisie\u00bb<\/em>, a expliqu\u00e9 le coach aux dreadlocks depuis Le Caire.<\/span><\/p>\n<p class=\"p4\"><span class=\"s1\">L\u2019ancien d\u00e9fenseur du Paris SG a pris ses fonctions apr\u00e8s la CAN-2015, conclue par une \u00e9limination d\u00e8s la phase de poules, qui a scell\u00e9 le sort du technicien fran\u00e7ais deux ans apr\u00e8s son arriv\u00e9e. <em>\u00abSi le match se r\u00e9sumait \u00e0 la connaissance que j\u2019ai des joueurs, ce serait une bonne chose. Mais la r\u00e9alit\u00e9 est toute autre.<\/em><\/span><\/p>\n<p class=\"p4\"><span class=\"s1\"><em>La connaissance et les relations sont une chose, c\u2019est le terrain qui est le plus important\u00bb,<\/em> a estim\u00e9 le coach des Aigles de Carthage plus t\u00f4t dans la matin\u00e9e. \u00ab<em>C\u2019est assez sp\u00e9cial de se retrouver de l\u2019autre c\u00f4t\u00e9. C\u2019est un esprit personnel, mais qui ne concerne que moi. \u00e7a ne rentre pas en compte dans la pr\u00e9paration des joueurs tunisiens\u00bb<\/em>, a-t-il poursuivi.<\/span><\/p>\n<p class=\"p4\"><span class=\"s1\">En Egypte, les deux hommes tiennent leur feuille de route : Ciss\u00e9 a ramen\u00e9 le S\u00e9n\u00e9gal dans le dernier carr\u00e9 pour la premi\u00e8re fois depuis 2006, quand Giresse a mis fin \u00e0 une attente de 15 ans des Tunisiens.<\/span><\/p>\n<p class=\"p4\"><span class=\"s1\"><em>\u00abJ\u2019ai pris conscience de ce que \u00e7a repr\u00e9sente d\u2019aller en demi-finale, il y avait un c\u00f4t\u00e9 obsessionnel. C\u2019est un soulagement, mais pas une fin en soi\u00bb<\/em>, a expliqu\u00e9 l\u2019ancien joueur de Bordeaux.<\/span><\/p>\n<p class=\"p4\"><span class=\"s1\">Le S\u00e9n\u00e9gal, meilleure nation africaine au classement Fifa, part favorite avec sa star Sadio Man\u00e9 en attaque. Une victoire lui d\u00e9gagerait la voie vers la finale, contre le Nigeria ou l\u2019Alg\u00e9rie, et le premier titre de son histoire dans la comp\u00e9tition.<\/span><\/p>\n<p class=\"p4\"><span class=\"s1\"><em>\u00abNous sommes pr\u00e8s du but, dans la mesure o\u00f9 nous sommes en demies. En \u00e9tant arriv\u00e9 \u00e0 ce niveau-l\u00e0, on a de l\u2019espoir. Mais nous savons que le plus dur est \u00e0 venir\u00bb,<\/em> a temp\u00e9r\u00e9 Ciss\u00e9. <em>\u00abNous esp\u00e9rons que cette ann\u00e9e sera la bonne. On est \u00e0 deux pas, c\u2019est \u00e0 la fois long et court.\u00bb<\/em><\/span><\/p>\n<p><span class=\"post-views-label\">Post Views:<\/span> <span class=\"post-views-count\">300<\/span><\/p>\n<p><br class=\"c3\"\/><\/p>\n<p>Auteur: Anis Khecheba<br \/>\n<a href=\"https:\/\/www.elwatan.com\/edition\/sports\/ce-nest-pas-giresse-contre-cisse-mais-tunisie-senegal-14-07-2019\">Cliquez ici pour lire l&rsquo;article depuis sa source.<\/a><\/p>\n","protected":false},"excerpt":{"rendered":"<p>Aliou Ciss\u00e9. Entra\u00eeneur du S\u00e9n\u00e9gal Ce n\u2019est pas Alain Giresse contre Aliou Ciss\u00e9, c\u2019est la Tunisie contre le S\u00e9n\u00e9gal\u00bb, a assur\u00e9 hier le s\u00e9lectionneur des Lions de la Teranga, Aliou Ciss\u00e9, avant d\u2019affronter, aujourd\u2019hui en demi-finale de la CAN, celui qu\u2019il a remplac\u00e9 en 2015. \u00abDans le foot, on se conna\u00eet tous, c\u2019est une grande [&hellip;]<\/p>\n","protected":false},"author":1743,"featured_media":46180,"comment_status":"closed","ping_status":"closed","sticky":false,"template":"","format":"standard","meta":{"fifu_image_url":"","fifu_image_alt":"","footnotes":""},"categories":[73,53],"tags":[],"class_list":["post-46179","post","type-post","status-publish","format-standard","has-post-thumbnail","hentry","category-actualite","category-algerie"],"_links":{"self":[{"href":"https:\/\/linitiative.ca\/International\/wp-json\/wp\/v2\/posts\/46179","targetHints":{"allow":["GET"]}}],"collection":[{"href":"https:\/\/linitiative.ca\/International\/wp-json\/wp\/v2\/posts"}],"about":[{"href":"https:\/\/linitiative.ca\/International\/wp-json\/wp\/v2\/types\/post"}],"author":[{"embeddable":true,"href":"https:\/\/linitiative.ca\/International\/wp-json\/wp\/v2\/users\/1743"}],"replies":[{"embeddable":true,"href":"https:\/\/linitiative.ca\/International\/wp-json\/wp\/v2\/comments?post=46179"}],"version-history":[{"count":0,"href":"https:\/\/linitiative.ca\/International\/wp-json\/wp\/v2\/posts\/46179\/revisions"}],"wp:featuredmedia":[{"embeddable":true,"href":"https:\/\/linitiative.ca\/International\/wp-json\/"}],"wp:attachment":[{"href":"https:\/\/linitiative.ca\/International\/wp-json\/wp\/v2\/media?parent=46179"}],"wp:term":[{"taxonomy":"category","embeddable":true,"href":"https:\/\/linitiative.ca\/International\/wp-json\/wp\/v2\/categories?post=46179"},{"taxonomy":"post_tag","embeddable":true,"href":"https:\/\/linitiative.ca\/International\/wp-json\/wp\/v2\/tags?post=46179"}],"curies":[{"name":"wp","href":"https:\/\/api.w.org\/{rel}","templated":true}]}}