{"id":46183,"date":"2019-07-14T05:03:02","date_gmt":"2019-07-14T09:03:02","guid":{"rendered":"https:\/\/linitiative.ca\/International\/personnels-de-la-sante-des-marches-chaque-semaine-des-la-rentree-sociale\/"},"modified":"2019-07-14T05:03:02","modified_gmt":"2019-07-14T09:03:02","slug":"personnels-de-la-sante-des-marches-chaque-semaine-des-la-rentree-sociale","status":"publish","type":"post","link":"https:\/\/linitiative.ca\/International\/personnels-de-la-sante-des-marches-chaque-semaine-des-la-rentree-sociale\/","title":{"rendered":"Personnels de la sant\u00e9 :\u00a0Des marches chaque semaine d\u00e8s la rentr\u00e9e sociale"},"content":{"rendered":"<h4 class=\"title-14\"\/>\n<p class=\"p4\"><span class=\"s2\"><strong>D<\/strong><\/span><span class=\"s1\">\u00e8s la rentr\u00e9e sociale, les m\u00e9decins et les param\u00e9dicaux marcheront ensemble pour soutenir le hirak. C\u2019est ce qu\u2019ont d\u00e9cid\u00e9, mardi dernier, trois syndicats de la sant\u00e9. Ces marches hebdomadaires se tiendront tant que des solutions r\u00e9elles \u00e0 cette crise ne seront pas engag\u00e9es.<\/span><\/p>\n<p class=\"p4\"><span class=\"s1\">En effet, le Syndicat national des enseignants chercheurs hospitalo-universitaires (Snechu), le Syndicat alg\u00e9rien des param\u00e9dicaux (SAP) et le Syndicat national des m\u00e9decins lib\u00e9raux (SNML) ont eu \u00e0 d\u00e9battre, lors d\u2019une assembl\u00e9e g\u00e9n\u00e9rale tenue au CHU Mustapha Pacha, de la situation actuelle du pays.<\/span><\/p>\n<p class=\"p4\"><span class=\"s1\">Le d\u00e9bat a abouti \u00e0 plusieurs d\u00e9cisions, dont essentiellement la programmation d\u2019une journ\u00e9e de protestation, probablement le jeudi, qui regroupera les blouses blanches et les param\u00e9dicaux. <em>\u00abNous pensons qu\u2019il est aujourd\u2019hui temps d\u2019apporter un soutien \u00e0 ce mouvement populaire en organisant notre propre marche nationale hebdomadaire d\u00e8s la rentr\u00e9e sociale\u00bb<\/em>, annonce le P<sup>r<\/sup> Rachid Belhadj, pr\u00e9sident du Snechu.<\/span><\/p>\n<p class=\"p4\"><span class=\"s1\">Les pr\u00e9sents lors de cette assembl\u00e9e g\u00e9n\u00e9rale ont trouv\u00e9 aberrant d\u2019appeler \u00e0 une \u00e9lection pr\u00e9sidentielle rejet\u00e9e par le peuple. C\u2019est la raison pour laquelle ils r\u00e9clament la d\u00e9mission imm\u00e9diate de Abdelkader Bensalah de son poste de chef de l\u2019Etat par int\u00e9rim en application des articles 7, 8 et 102 de la Constitution. Ils appellent \u00e9galement \u00e0 la dissolution du Conseil constitutionnel et du Parlement avec ses deux Chambres.<\/span><\/p>\n<p class=\"p4\"><span class=\"s1\">Pour combler ce vide, ils optent pour la nomination d\u2019un pr\u00e9sidium de transition qui regroupera des personnalit\u00e9s qui n\u2019ont jamais fait partie du syst\u00e8me d\u00e9chu. Dans leur communiqu\u00e9 de cl\u00f4ture, les syndicalistes de la sant\u00e9 pr\u00e9cisent que ce pr\u00e9sidium aura pour principales missions de g\u00e9rer l\u2019Etat pour une p\u00e9riode de transition courte qui ne d\u00e9passerait pas les 6 mois. Une p\u00e9riode durant laquelle un gouvernement provisoire, compos\u00e9 de technocrates, sera install\u00e9.<\/span><\/p>\n<p class=\"p4\"><span class=\"s1\">Ce gouvernement n\u2019aura \u00e0 g\u00e9rer que les affaires courantes, li\u00e9es aux pr\u00e9rogatives des minist\u00e8res de la D\u00e9fense, de l\u2019Education et de l\u2019Enseignement sup\u00e9rieur, de la Justice, de l\u2019Int\u00e9rieur et des Collectivit\u00e9s locales, du Commerce, des Affaires \u00e9trang\u00e8res, de la Sant\u00e9 et des Finances.<\/span><\/p>\n<p class=\"p4\"><span class=\"s1\">Le pr\u00e9sidium cr\u00e9era une commission ind\u00e9pendante pour l\u2019organisation de l\u2019\u00e9lection pr\u00e9sidentielle, la r\u00e9vision de la loi \u00e9lectorale et la r\u00e9actualisation des listes \u00e9lectorales. La mission de ce pr\u00e9sidium prendra fin d\u00e8s l\u2019\u00e9lection d\u2019un nouveau Pr\u00e9sident pour le pays.<\/span><\/p>\n<p class=\"p4\"><span class=\"s1\">Les membres de la famille de la sant\u00e9 ont tenu \u00e0 r\u00e9it\u00e9rer leur soutien ind\u00e9fectible au mouvement populaire. Ils disent rester ouverts \u00e0 toute initiative ou proposition pouvant mener \u00e0 une v\u00e9ritable sortie de cette crise. Ils esp\u00e8rent avoir le soutien de tous les autres syndicats autonomes de la sant\u00e9 dans leur d\u00e9marche.<\/span><\/p>\n<p><span class=\"post-views-label\">Post Views:<\/span> <span class=\"post-views-count\">768<\/span><\/p>\n<p><br class=\"c3\"\/><\/p>\n<p>Auteur: Anis Khecheba<br \/>\n<a href=\"https:\/\/www.elwatan.com\/edition\/actualite\/personnels-de-la-sante-des-marches-chaque-semaine-des-la-rentree-sociale-14-07-2019\">Cliquez ici pour lire l&rsquo;article depuis sa source.<\/a><\/p>\n","protected":false},"excerpt":{"rendered":"<p>D\u00e8s la rentr\u00e9e sociale, les m\u00e9decins et les param\u00e9dicaux marcheront ensemble pour soutenir le hirak. C\u2019est ce qu\u2019ont d\u00e9cid\u00e9, mardi dernier, trois syndicats de la sant\u00e9. Ces marches hebdomadaires se tiendront tant que des solutions r\u00e9elles \u00e0 cette crise ne seront pas engag\u00e9es. En effet, le Syndicat national des enseignants chercheurs hospitalo-universitaires (Snechu), le Syndicat [&hellip;]<\/p>\n","protected":false},"author":1743,"featured_media":0,"comment_status":"closed","ping_status":"closed","sticky":false,"template":"","format":"standard","meta":{"fifu_image_url":"","fifu_image_alt":"","footnotes":""},"categories":[73,53],"tags":[],"class_list":["post-46183","post","type-post","status-publish","format-standard","hentry","category-actualite","category-algerie"],"_links":{"self":[{"href":"https:\/\/linitiative.ca\/International\/wp-json\/wp\/v2\/posts\/46183","targetHints":{"allow":["GET"]}}],"collection":[{"href":"https:\/\/linitiative.ca\/International\/wp-json\/wp\/v2\/posts"}],"about":[{"href":"https:\/\/linitiative.ca\/International\/wp-json\/wp\/v2\/types\/post"}],"author":[{"embeddable":true,"href":"https:\/\/linitiative.ca\/International\/wp-json\/wp\/v2\/users\/1743"}],"replies":[{"embeddable":true,"href":"https:\/\/linitiative.ca\/International\/wp-json\/wp\/v2\/comments?post=46183"}],"version-history":[{"count":0,"href":"https:\/\/linitiative.ca\/International\/wp-json\/wp\/v2\/posts\/46183\/revisions"}],"wp:attachment":[{"href":"https:\/\/linitiative.ca\/International\/wp-json\/wp\/v2\/media?parent=46183"}],"wp:term":[{"taxonomy":"category","embeddable":true,"href":"https:\/\/linitiative.ca\/International\/wp-json\/wp\/v2\/categories?post=46183"},{"taxonomy":"post_tag","embeddable":true,"href":"https:\/\/linitiative.ca\/International\/wp-json\/wp\/v2\/tags?post=46183"}],"curies":[{"name":"wp","href":"https:\/\/api.w.org\/{rel}","templated":true}]}}