{"id":46184,"date":"2019-07-14T05:03:23","date_gmt":"2019-07-14T09:03:23","guid":{"rendered":"https:\/\/linitiative.ca\/International\/proche-orient-situation-explosive-dans-les-territoires-palestiniens-occupes\/"},"modified":"2019-07-14T05:03:23","modified_gmt":"2019-07-14T09:03:23","slug":"proche-orient-situation-explosive-dans-les-territoires-palestiniens-occupes","status":"publish","type":"post","link":"https:\/\/linitiative.ca\/International\/proche-orient-situation-explosive-dans-les-territoires-palestiniens-occupes\/","title":{"rendered":"Proche-Orient : Situation explosive dans les Territoires palestiniens occup\u00e9s"},"content":{"rendered":"<h4 class=\"title-14\"\/>\n<div class=\"featured_image\"><img width=\"800\" height=\"533\" data-cfsrc=\"https:\/\/www.elwatan.com\/wp-content\/uploads\/2019\/07\/Sans-titre-1-89.gif\" class=\"attachment-post-thumbnail size-post-thumbnail wp-post-image c1\" alt=\"\"\/><noscript><\/p>\n<p><img loading=\"lazy\" decoding=\"async\" width=\"800\" height=\"533\" src=\"https:\/\/www.elwatan.com\/wp-content\/uploads\/2019\/07\/Sans-titre-1-89.gif\" class=\"attachment-post-thumbnail size-post-thumbnail wp-post-image\" alt=\"\"\/><\/p>\n<p><\/noscript><\/div>\n<p class=\"p3\"><strong>La ministre palestinienne de la Sant\u00e9, Maiy El Kella, a vivement d\u00e9nonc\u00e9 les crimes isra\u00e9liens. Elle a d\u00e9clar\u00e9, dans un communiqu\u00e9, que <em>\u00abcibler les enfants confirme le projet criminel de l\u2019occupant<\/em>\u00bb, qui est de se d\u00e9barrasser physiquement des Palestiniens.<\/strong><\/p>\n<p class=\"p3\"><span class=\"s2\"><strong>A<\/strong><\/span><span class=\"s2\">vec un mort jeudi et des dizaines de bless\u00e9s vendredi par des tirs de soldats isra\u00e9liens dans diff\u00e9rentes r\u00e9gions de la Palestine occup\u00e9e, la fin de semaine a \u00e9t\u00e9 particuli\u00e8rement violente. La situation laisse penser que nous sommes tout pr\u00e8s d\u2019une nouvelle escalade de violence dans une r\u00e9gion o\u00f9 le calme est d\u00e9sormais devenu exceptionnel.<\/span><\/p>\n<p class=\"p6\"><span class=\"s2\">L\u2019arm\u00e9e isra\u00e9lienne avait reconnu que le combattant des Brigades Ezzeddine Al Qassam, la branche arm\u00e9e du Hamas, Mahmoud Al Adham, tu\u00e9 dans la zone frontali\u00e8re situ\u00e9e \u00e0 l\u2019est de la localit\u00e9 de Beit Hanoune, au nord de la bande de Ghaza, avait \u00e9t\u00e9 atteint par une balle tir\u00e9e par un de ses soldats positionn\u00e9s dans cette zone.<\/span><\/p>\n<p class=\"p6\"><span class=\"s2\">Fait rare, elle a indiqu\u00e9 aussi que l\u2019incident \u00e9tait accidentel et qu\u2019il s\u2019agissait d\u2019une erreur. Les soldats auraient <em>\u00abidentifi\u00e9\u00bb<\/em> par erreur le militant du Hamas comme <em>\u00abun terroriste arm\u00e9 et cette m\u00e9prise les avait amen\u00e9s \u00e0 tirer\u00bb<\/em>, avait expliqu\u00e9 l\u2019arm\u00e9e isra\u00e9lienne dans un communiqu\u00e9 publi\u00e9 jeudi juste apr\u00e8s l\u2019annonce de la mort de Mahmoud Al Adham, \u00e2g\u00e9 de 28 ans.<\/span><\/p>\n<p class=\"p6\"><span class=\"s2\">Selon des sources palestiniennes, Al Adham tentait, au moment des faits, d\u2019\u00e9loigner des jeunes Palestiniens qui s\u2019\u00e9taient trop approch\u00e9s de la cl\u00f4ture de s\u00e9curit\u00e9, qui tient lieu de ligne de fronti\u00e8re entre l\u2019Etat h\u00e9breu et l\u2019enclave palestinienne. La mort du jeune combattant a suscit\u00e9 une grande col\u00e8re au sein des factions palestiniennes arm\u00e9es dans la bande de Ghaza, particuli\u00e8rement celle des brigades Ezzeddine Al Qassam, dont il \u00e9tait membre.<\/span><\/p>\n<p class=\"p6\"><span class=\"s2\">Elles ont toutes fait le serment de venger sa mort. Il y a deux jours, lors du 66<sup>e<\/sup> vendredi des manifestations populaires rentrant dans la cadre de la Grande marche du retour, la tension \u00e9tait grande dans les zones frontali\u00e8res, dont celle o\u00f9 avait \u00e9t\u00e9 tu\u00e9 le combattant du Hamas. Les soldats isra\u00e9liens ont tir\u00e9 sur les manifestants avec des balles r\u00e9elles, des balles en caoutchouc et ont lanc\u00e9 des bombes lacrymog\u00e8nes toxiques. Selon le minist\u00e8re palestinien de la Sant\u00e9 \u00e0 Ghaza, 66 citoyens ont \u00e9t\u00e9 diversement bless\u00e9s au cours des manifestations. Certains se trouvent actuellement dans un \u00e9tat grave.<\/span><\/p>\n<p class=\"p6\"><strong><span class=\"s2\">Des morts par centaines<\/span><\/strong><\/p>\n<p class=\"p7\"><span class=\"s2\">Depuis son lancement le 30 mars 2018, la Grande marche du retour, qui r\u00e9clame, comme son nom l\u2019indique, le retour des r\u00e9fugi\u00e9s palestiniens selon la r\u00e9solution 194 des Nations unies et la lev\u00e9e de l\u2019embargo impos\u00e9 par Isra\u00ebl \u00e0 l\u2019enclave palestinienne depuis une douzaine d\u2019ann\u00e9es, s\u2019est sold\u00e9e par la mort de plus de 300 citoyens, dont des enfants, des femmes, des journalistes et des secouristes.<\/span><\/p>\n<p class=\"p6\"><span class=\"s2\">On recense \u00e9galement plus de 20\u00a0000 bless\u00e9s, dont des centaines sont devenus handicap\u00e9s physiques suite \u00e0 l\u2019amputation d\u2019un de leurs membres inf\u00e9rieurs. Dans certains cas, ils ont aussi perdu un de leurs membres sup\u00e9rieurs. La m\u00eame situation avait \u00e9t\u00e9 enregistr\u00e9e vendredi dans certaines r\u00e9gions de Cisjordanie occup\u00e9e.<\/span><\/p>\n<p class=\"p6\"><span class=\"s2\">Il y avait d\u2019un c\u00f4t\u00e9 des manifestations palestiniennes populaires pacifiques et de l\u2019autre une r\u00e9pression sauvage de la part de l\u2019arm\u00e9e isra\u00e9lienne. Un enfant \u00e2g\u00e9 de 10 ans seulement a \u00e9t\u00e9 bless\u00e9. Hospitalis\u00e9 \u00e0 l\u2019h\u00f4pital de Kalkiliya, il se trouve actuellement dans un \u00e9tat tr\u00e8s grave.<\/span><\/p>\n<p class=\"p6\"><span class=\"s2\">En effet, Abdel Rahmane Chtioui a re\u00e7u une balle r\u00e9elle \u00e0 la t\u00eate dans le village de Kafr Kaddoum, o\u00f9 une manifestation populaire est organis\u00e9e chaque vendredi pour protester contre la colonisation et r\u00e9clamer la r\u00e9ouverture de la route menant au village, ferm\u00e9e depuis une quinzaine d\u2019ann\u00e9es par l\u2019arm\u00e9e de l\u2019occupation isra\u00e9lienne.<\/span><\/p>\n<p class=\"p6\"><strong><span class=\"s2\">Isra\u00ebl cible les enfants<\/span><\/strong><\/p>\n<p class=\"p7\"><span class=\"s2\">La ministre palestinienne de la Sant\u00e9, Maiy El Kella, a vivement d\u00e9nonc\u00e9 les crimes isra\u00e9liens. En particulier le tir qui a cibl\u00e9 Abdel Rahmane Chtioui. Elle a d\u00e9clar\u00e9 dans un communiqu\u00e9, qu\u2019<em>\u00aben\u00a0ciblant des enfants, l\u2019occupant isra\u00e9lien ne fait que confirmer son projet criminel\u00bb,<\/em> qui est de se d\u00e9barrasser physiquement des Palestiniens.<\/span><\/p>\n<p class=\"p6\"><span class=\"s2\"><em>\u00abLes tentatives d\u2019am\u00e9lioration de l\u2019image de l\u2019occupation isra\u00e9lienne sur la sc\u00e8ne mondiale \u00e9chouent chaque fois qu\u2019un enfant ou un civil est tu\u00e9, bless\u00e9 ou arr\u00eat\u00e9\u00bb<\/em>, a ajout\u00e9 la ministre palestinienne. Avec ce nouveau crime, l\u2019occupation d\u00e9montre qu\u2019elle n\u2019a pas de ligne rouge, a soulign\u00e9 M<sup>me<\/sup> El Kella, qui a affirm\u00e9 que les crimes isra\u00e9liens se poursuivront tant que la communaut\u00e9 internationale restera silencieuse.<\/span><\/p>\n<p class=\"p6\"><span class=\"s2\">Dans la nuit de vendredi \u00e0 samedi, Isra\u00ebl a annonc\u00e9 que deux roquettes palestiniennes avaient \u00e9t\u00e9 tir\u00e9es depuis Ghaza sur le sud de l\u2019Etat h\u00e9breu sans faire de bless\u00e9. Une d\u00e9l\u00e9gation s\u00e9curitaire \u00e9gyptienne \u2013 qui est habitu\u00e9e \u00e0 jouer le r\u00f4le de pompier dans de pareilles circonstances <em>\u2013<\/em> fait la navette depuis jeudi entre la bande de Ghaza et Isra\u00ebl pour tenter d\u2019\u00e9teindre le feu qui commence \u00e0 se propager et risque de tout br\u00fbler.\u00a0<\/span><\/p>\n<p><span class=\"post-views-label\">Post Views:<\/span> <span class=\"post-views-count\">233<\/span><\/p>\n<p><br class=\"c3\"\/><\/p>\n<p>Auteur: Anis Khecheba<br \/>\n<a href=\"https:\/\/www.elwatan.com\/edition\/international\/proche-orient-situation-explosive-dans-les-territoires-palestiniens-occupes-14-07-2019\">Cliquez ici pour lire l&rsquo;article depuis sa source.<\/a><\/p>\n","protected":false},"excerpt":{"rendered":"<p>La ministre palestinienne de la Sant\u00e9, Maiy El Kella, a vivement d\u00e9nonc\u00e9 les crimes isra\u00e9liens. Elle a d\u00e9clar\u00e9, dans un communiqu\u00e9, que \u00abcibler les enfants confirme le projet criminel de l\u2019occupant\u00bb, qui est de se d\u00e9barrasser physiquement des Palestiniens. Avec un mort jeudi et des dizaines de bless\u00e9s vendredi par des tirs de soldats isra\u00e9liens [&hellip;]<\/p>\n","protected":false},"author":1743,"featured_media":46185,"comment_status":"closed","ping_status":"closed","sticky":false,"template":"","format":"standard","meta":{"fifu_image_url":"","fifu_image_alt":"","footnotes":""},"categories":[73,53],"tags":[],"class_list":["post-46184","post","type-post","status-publish","format-standard","has-post-thumbnail","hentry","category-actualite","category-algerie"],"_links":{"self":[{"href":"https:\/\/linitiative.ca\/International\/wp-json\/wp\/v2\/posts\/46184","targetHints":{"allow":["GET"]}}],"collection":[{"href":"https:\/\/linitiative.ca\/International\/wp-json\/wp\/v2\/posts"}],"about":[{"href":"https:\/\/linitiative.ca\/International\/wp-json\/wp\/v2\/types\/post"}],"author":[{"embeddable":true,"href":"https:\/\/linitiative.ca\/International\/wp-json\/wp\/v2\/users\/1743"}],"replies":[{"embeddable":true,"href":"https:\/\/linitiative.ca\/International\/wp-json\/wp\/v2\/comments?post=46184"}],"version-history":[{"count":0,"href":"https:\/\/linitiative.ca\/International\/wp-json\/wp\/v2\/posts\/46184\/revisions"}],"wp:featuredmedia":[{"embeddable":true,"href":"https:\/\/linitiative.ca\/International\/wp-json\/"}],"wp:attachment":[{"href":"https:\/\/linitiative.ca\/International\/wp-json\/wp\/v2\/media?parent=46184"}],"wp:term":[{"taxonomy":"category","embeddable":true,"href":"https:\/\/linitiative.ca\/International\/wp-json\/wp\/v2\/categories?post=46184"},{"taxonomy":"post_tag","embeddable":true,"href":"https:\/\/linitiative.ca\/International\/wp-json\/wp\/v2\/tags?post=46184"}],"curies":[{"name":"wp","href":"https:\/\/api.w.org\/{rel}","templated":true}]}}