{"id":46186,"date":"2019-07-14T05:04:46","date_gmt":"2019-07-14T09:04:46","guid":{"rendered":"https:\/\/linitiative.ca\/International\/le-ffs-denonce-des-ingerences-etrangeres-et-accuse-le-regime-veut-se-maintenir-contre-la-volonte-populaire\/"},"modified":"2019-07-14T05:04:46","modified_gmt":"2019-07-14T09:04:46","slug":"le-ffs-denonce-des-ingerences-etrangeres-et-accuse-le-regime-veut-se-maintenir-contre-la-volonte-populaire","status":"publish","type":"post","link":"https:\/\/linitiative.ca\/International\/le-ffs-denonce-des-ingerences-etrangeres-et-accuse-le-regime-veut-se-maintenir-contre-la-volonte-populaire\/","title":{"rendered":"Le FFS d\u00e9nonce \u00abdes ing\u00e9rences \u00e9trang\u00e8res\u00bb et accuse : \u00abLe r\u00e9gime veut se maintenir contre la volont\u00e9 populaire\u00bb"},"content":{"rendered":"<h4 class=\"title-14\"\/>\n<div class=\"featured_image\"><img width=\"800\" height=\"447\" data-cfsrc=\"https:\/\/www.elwatan.com\/wp-content\/uploads\/2019\/07\/ffs-col.jpg\" class=\"attachment-post-thumbnail size-post-thumbnail wp-post-image c1\" alt=\"\" srcset=\"https:\/\/www.elwatan.com\/wp-content\/uploads\/2019\/07\/ffs-col.jpg 800w, https:\/\/www.elwatan.com\/wp-content\/uploads\/2019\/07\/ffs-col-300x168.jpg 300w, https:\/\/www.elwatan.com\/wp-content\/uploads\/2019\/07\/ffs-col-768x429.jpg 768w\" sizes=\"(max-width: 800px) 100vw, 800px\"\/><noscript><\/p>\n<p><img loading=\"lazy\" decoding=\"async\" width=\"800\" height=\"447\" src=\"https:\/\/www.elwatan.com\/wp-content\/uploads\/2019\/07\/ffs-col.jpg\" class=\"attachment-post-thumbnail size-post-thumbnail wp-post-image\" alt=\"\" srcset=\"https:\/\/www.elwatan.com\/wp-content\/uploads\/2019\/07\/ffs-col.jpg 800w, https:\/\/www.elwatan.com\/wp-content\/uploads\/2019\/07\/ffs-col-300x168.jpg 300w, https:\/\/www.elwatan.com\/wp-content\/uploads\/2019\/07\/ffs-col-768x429.jpg 768w\" sizes=\"auto, (max-width: 800px) 100vw, 800px\"\/><\/p>\n<p><\/noscript> <span class=\"featured-image-caption\">Hakim Belahcel, premier secr\u00e9taire du FFS<\/span><\/div>\n<p class=\"p4\"><span class=\"s2\"><strong>L<\/strong><\/span><span class=\"s1\">e Front des forces socialistes (FFS) n\u2019a pas cach\u00e9, ce vendredi, son inqui\u00e9tude face \u00e0 une conjoncture politique caract\u00e9ris\u00e9e par l\u2019instabilit\u00e9 et l\u2019incertitude. Effectivement, \u00e0 l\u2019issue de la r\u00e9union de son conseil national, le plus vieux parti de l\u2019opposition a d\u00e9nonc\u00e9 des <em>\u00abing\u00e9rences \u00e9trang\u00e8res\u00bb<\/em> \u00e0 peine d\u00e9guis\u00e9es qui s\u2019opposent \u00e0 tout changement d\u00e9mocratique en Alg\u00e9rie et qui menaceraient les int\u00e9r\u00eats \u00e9conomiques et strat\u00e9giques.<\/span><\/p>\n<p class=\"p4\"><span class=\"s1\"><em>\u00abLa session ordinaire du conseil national se d\u00e9roule dans un contexte politique national en cours de bouleversement et un environnement r\u00e9gional pr\u00e9occupant sur le plan s\u00e9curitaire\u00bb<\/em>, ont expliqu\u00e9 les responsables du parti, qui ont eu \u00e0 analyser, lors de cette rencontre, la situation politique du pays dans le contexte de la r\u00e9volution populaire en cours.<\/span><\/p>\n<p class=\"p4\"><span class=\"s1\">Pour le FFS, le mouvement r\u00e9volutionnaire m\u00e8ne un combat qui <em>\u00ababoutira in\u00e9vitablement \u00e0 la fin du r\u00e9gime de dictature et au changement du syst\u00e8me avec l\u2019instauration d\u2019un Etat de droit d\u00e9mocratique et social\u00bb<\/em>. Le FFS estime que <em>\u00abcette r\u00e9volution pacifique fait face sur le plan interne \u00e0 un r\u00e9gime qui veut se maintenir contre la volont\u00e9 populaire en rejetant toute v\u00e9ritable transition d\u00e9mocratique, en s\u2019obstinant \u00e0 organiser un scrutin pr\u00e9sidentiel\u00bb<\/em>.<\/span><\/p>\n<p class=\"p4\"><span class=\"s1\">Le conseil national du FFS pense que certains r\u00e9gimes dictatoriaux ne veulent pas l\u2019aboutissement du mouvement r\u00e9volutionnaire par crainte de contagion et de d\u00e9stabilisation de leurs r\u00e9gimes. Les responsables du FFS ne donnent pas de d\u00e9tails \u00e0 ce sujet et ne nomment pas les pays vis\u00e9s par ses critiques.<\/span><\/p>\n<p class=\"p4\"><span class=\"s1\">Le parti dirig\u00e9 par Hakim Belahcel encourage le dialogue <em>\u00abpour engager une p\u00e9riode de transition d\u00e9mocratique\u00bb<\/em> et appelle \u00e0 l\u2019organisation d\u2019une <em>\u00abconf\u00e9rence nationale souveraine\u00bb<\/em>, comme il exige la lib\u00e9ration <em>\u00abimm\u00e9diate et sans condition<\/em> <em>de tous les d\u00e9tenus politiques et d\u2019opinion, notamment le commandant Si Lakhdar Bourega\u00e2\u00bb<\/em>.<\/span><\/p>\n<p class=\"p4\"><span class=\"s1\">Le conseil du FFS rappelle, dans ce sillage, son appel lanc\u00e9 pour faire adh\u00e9rer les forces d\u00e9mocratiques et sociales autonomes \u00e0 l\u2019initiative des forces de l\u2019alternative d\u00e9mocratique, qui a permis, au terme d\u2019une rencontre de concertation et de dialogue, de conclure un pacte politique pour une v\u00e9ritable transition d\u00e9mocratique.<\/span><\/p>\n<p class=\"p4\"><span class=\"s1\">Se r\u00e9f\u00e9rant \u00e0 cet appel, le FFS charge les instances du parti d\u2019encourager le dialogue pour engager une p\u00e9riode de transition d\u00e9mocratique, de susciter des adh\u00e9sions au pacte de l\u2019alternative d\u00e9mocratique en vue de son \u00e9largissement et s\u2019atteler inlassablement \u00e0 l\u2019organisation d\u2019une conf\u00e9rence nationale souveraine. Le parti a fix\u00e9 la date de son 6<sup>e<\/sup> congr\u00e8s du 27 au 29 septembre prochain.<\/span><\/p>\n<p><span class=\"post-views-label\">Post Views:<\/span> <span class=\"post-views-count\">3\u00a0540<\/span><\/p>\n<p><br class=\"c3\"\/><\/p>\n<p>Auteur: Anis Khecheba<br \/>\n<a href=\"https:\/\/www.elwatan.com\/edition\/actualite\/le-regime-veut-se-maintenir-contre-la-volonte-populaire-14-07-2019\">Cliquez ici pour lire l&rsquo;article depuis sa source.<\/a><\/p>\n","protected":false},"excerpt":{"rendered":"<p>Hakim Belahcel, premier secr\u00e9taire du FFS Le Front des forces socialistes (FFS) n\u2019a pas cach\u00e9, ce vendredi, son inqui\u00e9tude face \u00e0 une conjoncture politique caract\u00e9ris\u00e9e par l\u2019instabilit\u00e9 et l\u2019incertitude. Effectivement, \u00e0 l\u2019issue de la r\u00e9union de son conseil national, le plus vieux parti de l\u2019opposition a d\u00e9nonc\u00e9 des \u00abing\u00e9rences \u00e9trang\u00e8res\u00bb \u00e0 peine d\u00e9guis\u00e9es qui s\u2019opposent [&hellip;]<\/p>\n","protected":false},"author":1743,"featured_media":46187,"comment_status":"closed","ping_status":"closed","sticky":false,"template":"","format":"standard","meta":{"fifu_image_url":"","fifu_image_alt":"","footnotes":""},"categories":[73,53],"tags":[],"class_list":["post-46186","post","type-post","status-publish","format-standard","has-post-thumbnail","hentry","category-actualite","category-algerie"],"_links":{"self":[{"href":"https:\/\/linitiative.ca\/International\/wp-json\/wp\/v2\/posts\/46186","targetHints":{"allow":["GET"]}}],"collection":[{"href":"https:\/\/linitiative.ca\/International\/wp-json\/wp\/v2\/posts"}],"about":[{"href":"https:\/\/linitiative.ca\/International\/wp-json\/wp\/v2\/types\/post"}],"author":[{"embeddable":true,"href":"https:\/\/linitiative.ca\/International\/wp-json\/wp\/v2\/users\/1743"}],"replies":[{"embeddable":true,"href":"https:\/\/linitiative.ca\/International\/wp-json\/wp\/v2\/comments?post=46186"}],"version-history":[{"count":0,"href":"https:\/\/linitiative.ca\/International\/wp-json\/wp\/v2\/posts\/46186\/revisions"}],"wp:featuredmedia":[{"embeddable":true,"href":"https:\/\/linitiative.ca\/International\/wp-json\/"}],"wp:attachment":[{"href":"https:\/\/linitiative.ca\/International\/wp-json\/wp\/v2\/media?parent=46186"}],"wp:term":[{"taxonomy":"category","embeddable":true,"href":"https:\/\/linitiative.ca\/International\/wp-json\/wp\/v2\/categories?post=46186"},{"taxonomy":"post_tag","embeddable":true,"href":"https:\/\/linitiative.ca\/International\/wp-json\/wp\/v2\/tags?post=46186"}],"curies":[{"name":"wp","href":"https:\/\/api.w.org\/{rel}","templated":true}]}}