{"id":46188,"date":"2019-07-14T05:05:16","date_gmt":"2019-07-14T09:05:16","guid":{"rendered":"https:\/\/linitiative.ca\/International\/televisions-pouvoir-les-liaisons-dangereuses\/"},"modified":"2019-07-14T05:05:16","modified_gmt":"2019-07-14T09:05:16","slug":"televisions-pouvoir-les-liaisons-dangereuses","status":"publish","type":"post","link":"https:\/\/linitiative.ca\/International\/televisions-pouvoir-les-liaisons-dangereuses\/","title":{"rendered":"T\u00e9l\u00e9visions-pouvoir : Les liaisons dangereuses"},"content":{"rendered":"<h4 class=\"title-14\"\/>\n<div class=\"featured_image\"><img width=\"1000\" height=\"480\" data-cfsrc=\"https:\/\/www.elwatan.com\/wp-content\/uploads\/2019\/07\/UNEEEEEE-1.gif\" class=\"attachment-post-thumbnail size-post-thumbnail wp-post-image c1\" alt=\"\"\/><noscript><\/p>\n<p><img loading=\"lazy\" decoding=\"async\" width=\"1000\" height=\"480\" src=\"https:\/\/www.elwatan.com\/wp-content\/uploads\/2019\/07\/UNEEEEEE-1.gif\" class=\"attachment-post-thumbnail size-post-thumbnail wp-post-image\" alt=\"\"\/><\/p>\n<p><\/noscript><\/div>\n<p class=\"p1\"><span class=\"s1\"><strong>J<\/strong><\/span><span class=\"s2\">T et \u00e9missions monochromes, d\u00e9bats \u00e0 sens unique, attaques abjectes contre la population, volont\u00e9 de semer la division parmi les Alg\u00e9riens. La propagande des cha\u00eenes publiques comme priv\u00e9es a atteint un niveau in\u00e9gal\u00e9. La preuve est donn\u00e9e par la t\u00e9l\u00e9vision publique\u00a0: son JT du vendredi donne une image d\u00e9voy\u00e9e de la marche hebdomadaire.<\/span><\/p>\n<p class=\"p2\"><span class=\"s2\">La voix off a expliqu\u00e9 que les citoyens sont sortis pour r\u00e9clamer <em>\u00abla\u00a0justice sociale\u00bb<\/em> et la <em>\u00abpoursuite de la lutte contre la corruption\u00bb<\/em>. Les passages \u00e0 l\u2019\u00e9cran sont bien s\u00e9lectionn\u00e9s\u00a0: le micro est tendu \u00e0 des individus qui s\u2019empressaient de saluer le <em>\u00abgrand travail\u00bb<\/em> de l\u2019arm\u00e9e et de son chef, Ahmed Ga\u00efd Salah, qui <em>\u00aba sauv\u00e9 l\u2019Alg\u00e9rie\u00bb.<\/em><\/span><\/p>\n<p class=\"p2\"><span class=\"s2\">Parmi ces individus, des internautes ont cru voir un vieux supporter de\u2026 l\u2019ancien chef de l\u2019Etat Bouteflika. <em>\u00abCette personne se pointait lors des marches de 2011 avec le portrait de Bouteflika.<\/em><\/span><\/p>\n<p class=\"p2\"><span class=\"s2\"><em>C\u2019est d\u2019ailleurs elle qui a cr\u00e9\u00e9 le culte du cadre\u00bb<\/em>, raille un internaute. Un autre s\u2019offusque\u00a0: <em>\u00abQuel montage vid\u00e9o ! Trop fort\u00a0! Ils se pointent \u00e0 8h et ils prennent deux ou trois personnes compl\u00e8tement sonn\u00e9es pour faire le show de 20h. Pauvre Alg\u00e9rie et pauvre journaliste. Et comme par hasard, les cris du peuple qui r\u00e9sonnent jusqu\u2019au fond de l\u2019Afrique, ils ne les entendent pas.\u00bb<\/em><\/span><\/p>\n<p class=\"p2\"><span class=\"s2\">Si au d\u00e9but, les cha\u00eenes de t\u00e9l\u00e9vision publique et de droit \u00e9tranger avaient fait le choix d\u2019ignorer le mouvement citoyen et ses revendications, elles seront contraintes d\u2019assurer des couvertures des marches. Mais \u00e0 minima. Quelques rares personnalit\u00e9s de l\u2019opposition et du monde universitaire, boycott\u00e9es jusque-l\u00e0 par des m\u00e9dias \u00e0 la botte du r\u00e9gime Bouteflika, ont pu \u00eatre invit\u00e9es, \u00e0 l\u2019instar de Djilali Soufiane, pr\u00e9sident de Jil Jadid.<\/span><\/p>\n<p class=\"p2\"><span class=\"s2\">Mais l\u2019espoir d\u2019une ouverture r\u00e9elle du champ audiovisuel alg\u00e9rien n\u2019a \u00e9t\u00e9 que de courte dur\u00e9e. Apr\u00e8s les mises en garde de l\u2019institution militaire, ces m\u00eames m\u00e9dias ont d\u00e9cid\u00e9 de faire l\u2019impasse sur les marches populaires. Pire, les slogans des marcheurs sont d\u00e9voy\u00e9s dans des comptes rendus. Les propagandistes du r\u00e9gime de fait ont ressorti les m\u00eames recettes, en servant un discours uniciste \u00e0 la population. L\u2019information sur l\u2019activit\u00e9 du MDN prendra le dessus.<\/span><\/p>\n<p class=\"p2\"><span class=\"s2\">Fait gravissime\u00a0: la t\u00e9l\u00e9vision publique, plut\u00f4t mod\u00e9r\u00e9e dans ces couvertures, a attaqu\u00e9 un moudjahid, le commandant Lakhdar Bourega\u00e2, accus\u00e9 d\u2019usurper le nom d\u2019un ancien chef de la Wilaya IV historique ! Indignation populaire importante, mais point de r\u00e9action de certains partis nationalistes, ni de l\u2019Autorit\u00e9 de r\u00e9gulation de l\u2019audiovisuel (ARAV) et encore moins du minist\u00e8re des Moudjahidine. Quelques heures apr\u00e8s l\u2019erreur professionnelle, l\u2019Unique fera lire par ses pr\u00e9sentateurs une mise au point maladroite.<\/span><\/p>\n<p class=\"p2\"><strong><span class=\"s2\">\u00abM\u00e9dias aux antipodes de la soci\u00e9t\u00e9\u00bb<\/span><\/strong><\/p>\n<p class=\"p3\"><span class=\"s2\">Reporter de Canal Alg\u00e9rie et membre du collectif des professionnels de l\u2019audiovisuel public, Abdelmadjid Benkaci estime que la t\u00e9l\u00e9vision publique a, depuis toujours, \u00e9t\u00e9 un moyen de propagande du pouvoir en place, et ce, depuis l\u2019\u00e8re Boumedi\u00e8ne. Et elle l\u2019est rest\u00e9e. <em>\u00abL impact de ce m\u00e9dia lourd sur le public a fait ses preuves au temps du parti unique.<\/em><\/span><\/p>\n<p class=\"p2\"><span class=\"s2\"><em>Depuis et avec l\u2019ouverture \u2018\u2018d\u00e9mocratique\u2019\u2019 et l\u2019arriv\u00e9e de la presse \u00e9crite priv\u00e9e, la t\u00e9l\u00e9vision publique a tent\u00e9 une ouverture en direction de la soci\u00e9t\u00e9 alg\u00e9rienne, en donnant la parole \u00e0 toutes les sensibilit\u00e9s, mais cela n\u2019a pas dur\u00e9, surtout avec la tournure qu\u2019ont pris les \u00e9v\u00e9nements politiques et s\u00e9curitaires durant les ann\u00e9es 1990\u00bb<\/em>, constate Benkaci.<\/span><\/p>\n<p class=\"p2\"><span class=\"s2\">La situation de ce m\u00e9dia s\u2019est <em>\u00abcompliqu\u00e9e\u00bb<\/em> apr\u00e8s l\u2019arriv\u00e9e aux affaires de Bouteflika qui a, rel\u00e8ve-t-il, mis \u00e0 genoux la t\u00e9l\u00e9vision publique devenue presque le service de communication de la pr\u00e9sidence de la R\u00e9publique.<\/span><\/p>\n<p class=\"p2\"><span class=\"s2\"><em>\u00abLe service public est totalement absent et c\u2019est la voix du pouvoir qui est ma\u00eetre des lieux au sein des r\u00e9dactions du 21 boulevard des Martyrs. La propagande s\u2019est install\u00e9e en force au d\u00e9triment d\u2019un service public pour lequel se bat depuis le mois de f\u00e9vrier le collectif des professionnels de l\u2019audiovisuel de l\u2019Eptv\u00bb<\/em>, s\u2019offusque le reporter. Le travail de propagande de l\u2019Unique est aussi la marque de fabrique des cha\u00eenes offshore ouvertes \u00e0 la faveur de promulgation de la loi sur l\u2019activit\u00e9 audiovisuelle (2014).<\/span><\/p>\n<p class=\"p2\"><span class=\"s2\">Les \u00abhirakistes\u00bb irrit\u00e9s par des couvertures m\u00e9diatiques n\u2019ont pas cess\u00e9 de d\u00e9noncer <em>\u00abune presse aux ordres\u00bb.<\/em> Vendredi dernier, des marcheurs ont scand\u00e9 des slogans tr\u00e8s hostiles \u00e0 ces m\u00e9dias\u00a0: <em>\u00abSahafat el 3ar\u00bb, \u00abSahafa d\u00e9gage\u00bb<\/em> (M\u00e9dias de la honte), (M\u00e9dias d\u00e9gagez), sont autant de mots d\u2019ordre contre eux. Ils ont aussi brandi des pancartes sur lesquelles on peut lire : \u00abLa presse a trahi le mouvement populaire\u00bb. \u00abT\u00e9l\u00e9visions-\u00e9go\u00fbts\u00bb, en r\u00e9f\u00e9rence \u00e0 deux cha\u00eenes TV particuli\u00e8rement\u00a0: Ennahar et Echorouk.<\/span><\/p>\n<p class=\"p2\"><span class=\"s2\">La d\u00e9testation des \u00abjournalistes de service\u00bb ne se limitent donc pas \u00e0 ceux de l\u2019ex-Unique, mais touche \u00e9galement les m\u00e9dias priv\u00e9s, cens\u00e9s avoir une ligne \u00e9ditoriale plus libre. <em>\u00abAujourd\u2019hui, malheureusement, cette situation est v\u00e9cue m\u00eame par les<\/em> <em>m\u00e9dias audiovisuels priv\u00e9s qui se sont rang\u00e9s, pour diverses raisons, du c\u00f4t\u00e9 du pouvoir en place. La situation est aujourd\u2019hui grave, la presse est musel\u00e9e \u00e0 l\u2019exception de deux ou trois titres de la presse \u00e9crite. Nous devons r\u00e9agir si nous voulons sauver notre m\u00e9tier\u00bb<\/em>, tranche Benkaci.<\/span><\/p>\n<p class=\"p2\"><span class=\"s2\">Pour le reporter de Canal Alg\u00e9rie, la propagande actuelle ne va aucunement contribuer \u00e0 trouver une solution \u00e0 la crise politique que conna\u00eet notre pays, mais va la <em>\u00abfaire perdurer et reproduira\u00bb<\/em> la situation qui a conduit les Alg\u00e9riens \u00e0 se soulever. <em>\u00abOn ne peut pas cacher et travestir \u00e9ternellement la v\u00e9rit\u00e9 et semer le mensonge pour des objectifs qui vont \u00e0 contresens de la volont\u00e9 du peuple\u00bb<\/em>, tranche-t-il.<\/span><\/p>\n<p><span class=\"post-views-label\">Post Views:<\/span> <span class=\"post-views-count\">5\u00a0746<\/span><\/p>\n<p><br class=\"c4\"\/><\/p>\n<p>Auteur: Anis Khecheba<br \/>\n<a href=\"https:\/\/www.elwatan.com\/edition\/actualite\/595122-14-07-2019\">Cliquez ici pour lire l&rsquo;article depuis sa source.<\/a><\/p>\n","protected":false},"excerpt":{"rendered":"<p>JT et \u00e9missions monochromes, d\u00e9bats \u00e0 sens unique, attaques abjectes contre la population, volont\u00e9 de semer la division parmi les Alg\u00e9riens. La propagande des cha\u00eenes publiques comme priv\u00e9es a atteint un niveau in\u00e9gal\u00e9. La preuve est donn\u00e9e par la t\u00e9l\u00e9vision publique\u00a0: son JT du vendredi donne une image d\u00e9voy\u00e9e de la marche hebdomadaire. La voix [&hellip;]<\/p>\n","protected":false},"author":1743,"featured_media":46189,"comment_status":"closed","ping_status":"closed","sticky":false,"template":"","format":"standard","meta":{"fifu_image_url":"","fifu_image_alt":"","footnotes":""},"categories":[73,53],"tags":[],"class_list":["post-46188","post","type-post","status-publish","format-standard","has-post-thumbnail","hentry","category-actualite","category-algerie"],"_links":{"self":[{"href":"https:\/\/linitiative.ca\/International\/wp-json\/wp\/v2\/posts\/46188","targetHints":{"allow":["GET"]}}],"collection":[{"href":"https:\/\/linitiative.ca\/International\/wp-json\/wp\/v2\/posts"}],"about":[{"href":"https:\/\/linitiative.ca\/International\/wp-json\/wp\/v2\/types\/post"}],"author":[{"embeddable":true,"href":"https:\/\/linitiative.ca\/International\/wp-json\/wp\/v2\/users\/1743"}],"replies":[{"embeddable":true,"href":"https:\/\/linitiative.ca\/International\/wp-json\/wp\/v2\/comments?post=46188"}],"version-history":[{"count":0,"href":"https:\/\/linitiative.ca\/International\/wp-json\/wp\/v2\/posts\/46188\/revisions"}],"wp:featuredmedia":[{"embeddable":true,"href":"https:\/\/linitiative.ca\/International\/wp-json\/"}],"wp:attachment":[{"href":"https:\/\/linitiative.ca\/International\/wp-json\/wp\/v2\/media?parent=46188"}],"wp:term":[{"taxonomy":"category","embeddable":true,"href":"https:\/\/linitiative.ca\/International\/wp-json\/wp\/v2\/categories?post=46188"},{"taxonomy":"post_tag","embeddable":true,"href":"https:\/\/linitiative.ca\/International\/wp-json\/wp\/v2\/tags?post=46188"}],"curies":[{"name":"wp","href":"https:\/\/api.w.org\/{rel}","templated":true}]}}