{"id":46190,"date":"2019-07-14T08:35:02","date_gmt":"2019-07-14T12:35:02","guid":{"rendered":"https:\/\/linitiative.ca\/International\/le-mdn-annonce-larrestation-de-5-terroristes-qui-planifiaient-des-attentats-contre-les-manifestants-pacifiques\/"},"modified":"2019-07-14T08:35:02","modified_gmt":"2019-07-14T12:35:02","slug":"le-mdn-annonce-larrestation-de-5-terroristes-qui-planifiaient-des-attentats-contre-les-manifestants-pacifiques","status":"publish","type":"post","link":"https:\/\/linitiative.ca\/International\/le-mdn-annonce-larrestation-de-5-terroristes-qui-planifiaient-des-attentats-contre-les-manifestants-pacifiques\/","title":{"rendered":"Le MDN annonce l\u2019arrestation de 5 terroristes qui \u00ab\u00a0planifiaient des attentats contre les manifestants pacifiques\u00a0\u00bb"},"content":{"rendered":"<h4 class=\"title-14\"\/>\n<p>Les services de s\u00e9curit\u00e9 ont arr\u00eat\u00e9, la semaine derni\u00e8re \u00e0 Batna, 5 terroristes qui pr\u00e9paraient des attentats contre les manifestants, selon le minist\u00e8re de la D\u00e9fense nationale (MDN).<\/p>\n<p>\u00ab\u00a0Suite aux op\u00e9rations ayant permis l\u2019arrestation de cinq (05) \u00e9l\u00e9ments de soutien aux groupes terroristes \u00e0 Batna\/5e RM, men\u00e9es entre le 03 et le 07 juillet 2019, par des d\u00e9tachements de l\u2019Arm\u00e9e Nationale Populaire en coordination avec les \u00e9l\u00e9ments de la Gendarmerie Nationale, et apr\u00e8s enqu\u00eates approfondies, ces \u00e9l\u00e9ments de soutien se sont av\u00e9r\u00e9s des terroristes non recherch\u00e9s, qui planifiaient des attentats terroristes contre les manifestants pacifiques \u00e0 travers les diff\u00e9rentes r\u00e9gions du pays, en utilisant des explosifs\u00a0\u00bb, a indiqu\u00e9 le MDN dans un communiqu\u00e9 diffus\u00e9 aujourd\u2019hui dimanche.<\/p>\n<p>Les 5 terroristes ont \u00e9t\u00e9 identifi\u00e9s. Il s\u2019agit de \u00ab A. Wail \u00bb, \u00ab B. Aymen\u00bb, \u00ab M. Khaled \u00bb, \u00ab M. Saad \u00bb et \u00ab M. Abderrahmane \u00bb, a pr\u00e9cis\u00e9 la m\u00eame source.<\/p>\n<p><span class=\"post-views-label\">Post Views:<\/span> <span class=\"post-views-count\">1\u00a0050<\/span><\/p>\n<p><br class=\"c3\"\/><\/p>\n<p>Auteur: Farouk Djouadi<br \/>\n<a href=\"https:\/\/www.elwatan.com\/edition\/actualite\/le-mdn-annonce-larrestation-de-5-terroristes-qui-planifiaient-des-attentats-contre-les-manifestants-pacifiques-14-07-2019\">Cliquez ici pour lire l&rsquo;article depuis sa source.<\/a><\/p>\n","protected":false},"excerpt":{"rendered":"<p>Les services de s\u00e9curit\u00e9 ont arr\u00eat\u00e9, la semaine derni\u00e8re \u00e0 Batna, 5 terroristes qui pr\u00e9paraient des attentats contre les manifestants, selon le minist\u00e8re de la D\u00e9fense nationale (MDN). \u00ab\u00a0Suite aux op\u00e9rations ayant permis l\u2019arrestation de cinq (05) \u00e9l\u00e9ments de soutien aux groupes terroristes \u00e0 Batna\/5e RM, men\u00e9es entre le 03 et le 07 juillet 2019, [&hellip;]<\/p>\n","protected":false},"author":1743,"featured_media":0,"comment_status":"closed","ping_status":"closed","sticky":false,"template":"","format":"standard","meta":{"fifu_image_url":"","fifu_image_alt":"","footnotes":""},"categories":[73,53],"tags":[],"class_list":["post-46190","post","type-post","status-publish","format-standard","hentry","category-actualite","category-algerie"],"_links":{"self":[{"href":"https:\/\/linitiative.ca\/International\/wp-json\/wp\/v2\/posts\/46190","targetHints":{"allow":["GET"]}}],"collection":[{"href":"https:\/\/linitiative.ca\/International\/wp-json\/wp\/v2\/posts"}],"about":[{"href":"https:\/\/linitiative.ca\/International\/wp-json\/wp\/v2\/types\/post"}],"author":[{"embeddable":true,"href":"https:\/\/linitiative.ca\/International\/wp-json\/wp\/v2\/users\/1743"}],"replies":[{"embeddable":true,"href":"https:\/\/linitiative.ca\/International\/wp-json\/wp\/v2\/comments?post=46190"}],"version-history":[{"count":0,"href":"https:\/\/linitiative.ca\/International\/wp-json\/wp\/v2\/posts\/46190\/revisions"}],"wp:attachment":[{"href":"https:\/\/linitiative.ca\/International\/wp-json\/wp\/v2\/media?parent=46190"}],"wp:term":[{"taxonomy":"category","embeddable":true,"href":"https:\/\/linitiative.ca\/International\/wp-json\/wp\/v2\/categories?post=46190"},{"taxonomy":"post_tag","embeddable":true,"href":"https:\/\/linitiative.ca\/International\/wp-json\/wp\/v2\/tags?post=46190"}],"curies":[{"name":"wp","href":"https:\/\/api.w.org\/{rel}","templated":true}]}}