{"id":46191,"date":"2019-07-14T11:51:57","date_gmt":"2019-07-14T15:51:57","guid":{"rendered":"https:\/\/linitiative.ca\/International\/jijel-la-jeune-femme-arretee-pour-port-dembleme-amazigh-condamnee-a-2-mois-de-prison-avec-sursis\/"},"modified":"2019-07-14T11:51:57","modified_gmt":"2019-07-14T15:51:57","slug":"jijel-la-jeune-femme-arretee-pour-port-dembleme-amazigh-condamnee-a-2-mois-de-prison-avec-sursis","status":"publish","type":"post","link":"https:\/\/linitiative.ca\/International\/jijel-la-jeune-femme-arretee-pour-port-dembleme-amazigh-condamnee-a-2-mois-de-prison-avec-sursis\/","title":{"rendered":"Jijel : La jeune femme arr\u00eat\u00e9e pour port d\u2019embl\u00e8me amazigh condamn\u00e9e \u00e0 2 mois de prison avec sursis"},"content":{"rendered":"<h4 class=\"title-14\"\/>\n<p>La jeune femme arr\u00eat\u00e9e vendredi dernier en possession d\u2019un embl\u00e8me amazigh a \u00e9t\u00e9 condamn\u00e9e \u00e0 une peine de 2 mois de prison avec sursis, ce dimanche par le tribunal de Jijel.<\/p>\n<p>Ce verdict est assorti d\u2019une amende de 20000 dinars. Cette arrestation de <a href=\"https:\/\/www.elwatan.com\/edition\/actualite\/jijel-arrestation-dune-jeune-femme-pour-port-dembleme-identitaire-12-07-2019\">la jeune femme qui habite \u00e0 Jijel,<\/a> a surpris\u00a0 plus d\u2019un et suscit\u00e9 de la r\u00e9probation sur les r\u00e9seaux sociaux bien que quelques commentaires penchaient vers l\u2019assentiment.<\/p>\n<p><span class=\"post-views-label\">Post Views:<\/span> <span class=\"post-views-count\">181<\/span><\/p>\n<p><br class=\"c3\"\/><\/p>\n<p>Auteur: Farouk Djouadi<br \/>\n<a href=\"https:\/\/www.elwatan.com\/edition\/actualite\/jijel-la-jeune-femme-arretee-pour-port-dembleme-amazigh-condamnee-a-2-mois-de-prison-avec-sursis-14-07-2019\">Cliquez ici pour lire l&rsquo;article depuis sa source.<\/a><\/p>\n","protected":false},"excerpt":{"rendered":"<p>La jeune femme arr\u00eat\u00e9e vendredi dernier en possession d\u2019un embl\u00e8me amazigh a \u00e9t\u00e9 condamn\u00e9e \u00e0 une peine de 2 mois de prison avec sursis, ce dimanche par le tribunal de Jijel. Ce verdict est assorti d\u2019une amende de 20000 dinars. Cette arrestation de la jeune femme qui habite \u00e0 Jijel, a surpris\u00a0 plus d\u2019un et [&hellip;]<\/p>\n","protected":false},"author":1743,"featured_media":0,"comment_status":"closed","ping_status":"closed","sticky":false,"template":"","format":"standard","meta":{"fifu_image_url":"","fifu_image_alt":"","footnotes":""},"categories":[73,53],"tags":[],"class_list":["post-46191","post","type-post","status-publish","format-standard","hentry","category-actualite","category-algerie"],"_links":{"self":[{"href":"https:\/\/linitiative.ca\/International\/wp-json\/wp\/v2\/posts\/46191","targetHints":{"allow":["GET"]}}],"collection":[{"href":"https:\/\/linitiative.ca\/International\/wp-json\/wp\/v2\/posts"}],"about":[{"href":"https:\/\/linitiative.ca\/International\/wp-json\/wp\/v2\/types\/post"}],"author":[{"embeddable":true,"href":"https:\/\/linitiative.ca\/International\/wp-json\/wp\/v2\/users\/1743"}],"replies":[{"embeddable":true,"href":"https:\/\/linitiative.ca\/International\/wp-json\/wp\/v2\/comments?post=46191"}],"version-history":[{"count":0,"href":"https:\/\/linitiative.ca\/International\/wp-json\/wp\/v2\/posts\/46191\/revisions"}],"wp:attachment":[{"href":"https:\/\/linitiative.ca\/International\/wp-json\/wp\/v2\/media?parent=46191"}],"wp:term":[{"taxonomy":"category","embeddable":true,"href":"https:\/\/linitiative.ca\/International\/wp-json\/wp\/v2\/categories?post=46191"},{"taxonomy":"post_tag","embeddable":true,"href":"https:\/\/linitiative.ca\/International\/wp-json\/wp\/v2\/tags?post=46191"}],"curies":[{"name":"wp","href":"https:\/\/api.w.org\/{rel}","templated":true}]}}